{"id":14518,"date":"2022-06-13T13:43:58","date_gmt":"2022-06-13T16:43:58","guid":{"rendered":"https:\/\/cafedigitaletc.com.br\/?p=14518"},"modified":"2022-06-13T13:43:58","modified_gmt":"2022-06-13T16:43:58","slug":"aecipp-lanca-premio-de-comunicacao-para-profissionais-de-midia-da-regiao-do-pecem","status":"publish","type":"post","link":"https:\/\/cafedigitaletc.com.br\/novo-site\/2022\/06\/13\/aecipp-lanca-premio-de-comunicacao-para-profissionais-de-midia-da-regiao-do-pecem\/","title":{"rendered":"AECIPP lan\u00e7a Pr\u00eamio de Comunica\u00e7\u00e3o para profissionais de m\u00eddia da regi\u00e3o do Pec\u00e9m"},"content":{"rendered":"\n<p style=\"font-size:16px\">Com o objetivo de refor\u00e7ar a import\u00e2ncia do Complexo Industrial e Portu\u00e1rio do Pec\u00e9m (CIPP) como indutor da economia do Cear\u00e1 e do desenvolvimento local das comunidades, a Associa\u00e7\u00e3o das Empresas do Complexo Industrial e Portu\u00e1rio do Pec\u00e9m (AECIPP), por meio do F\u00f3rum de Comunica\u00e7\u00e3o, lan\u00e7a o &#8220;Pr\u00eamio de Comunica\u00e7\u00e3o&#8221;. Poder\u00e3o se inscrever no concurso profissionais de m\u00eddia que atuam nos munic\u00edpios de S\u00e3o Gon\u00e7alo do Amarante, Caucaia e Paracuru. As inscri\u00e7\u00f5es v\u00e3o at\u00e9 o dia 10 de julho, e o an\u00fancio dos vencedores acontecer\u00e1 no dia 26 de agosto, atrav\u00e9s do site da AECIPP.<br><br>Em sua primeira edi\u00e7\u00e3o, o pr\u00eamio vai avaliar a produ\u00e7\u00e3o de jornalistas, radialistas, blogueiros e geradores de conte\u00fado digital (podcasters, videocasters, criadores) atuantes em ve\u00edculos com sede ou que sejam residentes nos munic\u00edpios de Caucaia, S\u00e3o Gon\u00e7alo do Amarante e Paracuru. Podem ser inscritas mat\u00e9rias em diversos formatos (conte\u00fados impressos ou digitais em texto, v\u00eddeo e \u00e1udio), veiculadas em jornais impressos ou digitais; portais, sites ou blogs; emissoras de r\u00e1dio ou podcasts; emissoras de TV tradicionais ou digitais; perfis de ve\u00edculos de comunica\u00e7\u00e3o (desde que seja poss\u00edvel a identifica\u00e7\u00e3o da autoria da mat\u00e9ria) ou individuais em canais do YouTube, Instagram e Facebook. A inscri\u00e7\u00e3o no pr\u00eamio ser\u00e1 realizada exclusivamente pelo site:\u00a0<a href=\"http:\/\/www.aecipp.com.br\/premiodecomunicacao\" target=\"_blank\" rel=\"noreferrer noopener\">www.aecipp.com.br\/premiodecomunicacao<\/a>.<\/p>\n\n\n\n<p style=\"font-size:16px\">Os materiais inscritos devem abordar tem\u00e1ticas que destaquem ou ressalvem a import\u00e2ncia do Complexo Industrial e Portu\u00e1rio do Pec\u00e9m para a economia cearense e\/ou para as comunidades locais em rela\u00e7\u00e3o ao desenvolvimento econ\u00f4mico, sustentabilidade, empregabilidade e\/ou responsabilidade social. &#8220;O Pr\u00eamio de Comunica\u00e7\u00e3o promovido pela AECIPP, tem como objetivo valorizar e reconhecer os profissionais de comunica\u00e7\u00e3o que contribuem para edificar o papel do Complexo Industrial e Portu\u00e1rio do Pec\u00e9m para a economia cearense ao divulgar informa\u00e7\u00f5es de interesse p\u00fablico em seus ve\u00edculos de comunica\u00e7\u00e3o&#8221;, refor\u00e7a o diretor executivo da AECIPP, Ricardo Sabadia. As mat\u00e9rias devem ser produzidas a partir de 01 de junho de 2021 e veiculadas e inscritas at\u00e9 \u00e0s 23 horas do dia 10 de julho de 2022.<\/p>\n\n\n\n<p style=\"font-size:16px\">Ser\u00e3o premiadas as produ\u00e7\u00f5es dos tr\u00eas profissionais cujos trabalhos forem escolhidos pela comiss\u00e3o julgadora do pr\u00eamio, composta por profissionais do mercado da comunica\u00e7\u00e3o com reconhecida credibilidade e experi\u00eancia e por representantes da diretoria da AECIPP, para os 1\u00ba, 2\u00ba e 3\u00ba lugares. Al\u00e9m disso, haver\u00e1 ainda uma premia\u00e7\u00e3o na categoria &#8220;Voto do Internauta&#8221;, cujos trabalhos ser\u00e3o avaliados pelo p\u00fablico em geral por meio do site da AECIPP (<a href=\"http:\/\/www.aecipp.com.br\/\" target=\"_blank\" rel=\"noreferrer noopener\">www.aecipp.com.br<\/a>). Os premiados e todos os participantes do &#8220;Pr\u00eamio de Comunica\u00e7\u00e3o&#8221; que cumprirem as regras do concurso receber\u00e3o certificado de participa\u00e7\u00e3o. Os interessados em participar devem fazer o download do regulamento no site da entidade.<\/p>\n\n\n\n<p style=\"font-size:16px\"><strong>Premia\u00e7\u00e3o<\/strong><\/p>\n\n\n\n<p style=\"font-size:16px\">1\u00ba lugar \u2013 Tablet + Trof\u00e9u alusivo ao pr\u00eamio<\/p>\n\n\n\n<p style=\"font-size:16px\">2\u00ba lugar \u2013 Smartphone + Trof\u00e9u alusivo ao pr\u00eamio.<\/p>\n\n\n\n<p style=\"font-size:16px\">3\u00ba lugar \u2013 Fone de ouvido headset + Trof\u00e9u alusivo ao pr\u00eamio.<\/p>\n\n\n\n<p style=\"font-size:16px\">Pr\u00eamio &#8220;Voto do Internauta&#8221; \u2013 Aro luminoso (ring light)<\/p>\n","protected":false},"excerpt":{"rendered":"<p>Com o objetivo de refor\u00e7ar a import\u00e2ncia do Complexo Industrial e Portu\u00e1rio do Pec\u00e9m (CIPP) como indutor da economia do Cear\u00e1 e do desenvolvimento local das comunidades, a Associa\u00e7\u00e3o das Empresas do Complexo Industrial e Portu\u00e1rio do Pec\u00e9m (AECIPP), por meio do F\u00f3rum de Comunica\u00e7\u00e3o, lan\u00e7a o &#8220;Pr\u00eamio de Comunica\u00e7\u00e3o&#8221;. Poder\u00e3o se inscrever no concurso [&hellip;]<\/p>\n","protected":false},"author":1,"featured_media":14519,"comment_status":"closed","ping_status":"open","sticky":false,"template":"","format":"standard","meta":{"footnotes":""},"categories":[15],"tags":[],"class_list":["post-14518","post","type-post","status-publish","format-standard","hentry","category-marketing"],"_links":{"self":[{"href":"https:\/\/cafedigitaletc.com.br\/novo-site\/wp-json\/wp\/v2\/posts\/14518","targetHints":{"allow":["GET"]}}],"collection":[{"href":"https:\/\/cafedigitaletc.com.br\/novo-site\/wp-json\/wp\/v2\/posts"}],"about":[{"href":"https:\/\/cafedigitaletc.com.br\/novo-site\/wp-json\/wp\/v2\/types\/post"}],"author":[{"embeddable":true,"href":"https:\/\/cafedigitaletc.com.br\/novo-site\/wp-json\/wp\/v2\/users\/1"}],"replies":[{"embeddable":true,"href":"https:\/\/cafedigitaletc.com.br\/novo-site\/wp-json\/wp\/v2\/comments?post=14518"}],"version-history":[{"count":0,"href":"https:\/\/cafedigitaletc.com.br\/novo-site\/wp-json\/wp\/v2\/posts\/14518\/revisions"}],"wp:featuredmedia":[{"embeddable":true,"href":"https:\/\/cafedigitaletc.com.br\/novo-site\/wp-json\/"}],"wp:attachment":[{"href":"https:\/\/cafedigitaletc.com.br\/novo-site\/wp-json\/wp\/v2\/media?parent=14518"}],"wp:term":[{"taxonomy":"category","embeddable":true,"href":"https:\/\/cafedigitaletc.com.br\/novo-site\/wp-json\/wp\/v2\/categories?post=14518"},{"taxonomy":"post_tag","embeddable":true,"href":"https:\/\/cafedigitaletc.com.br\/novo-site\/wp-json\/wp\/v2\/tags?post=14518"}],"curies":[{"name":"wp","href":"https:\/\/api.w.org\/{rel}","templated":true}]}}