{"id":14350,"date":"2022-06-01T08:12:04","date_gmt":"2022-06-01T11:12:04","guid":{"rendered":"https:\/\/cafedigitaletc.com.br\/?p=14350"},"modified":"2022-06-01T08:12:04","modified_gmt":"2022-06-01T11:12:04","slug":"estilo-feitico-lanca-colecao-especial-para-o-dia-dos-namorados","status":"publish","type":"post","link":"https:\/\/cafedigitaletc.com.br\/novo-site\/2022\/06\/01\/estilo-feitico-lanca-colecao-especial-para-o-dia-dos-namorados\/","title":{"rendered":"Estilo Feiti\u00e7o lan\u00e7a cole\u00e7\u00e3o especial para o Dia dos Namorados"},"content":{"rendered":"\n<p style=\"font-size:16px\"><strong><em>Simplicidade sem perder a eleg\u00e2ncia<\/em><\/strong>. Esse \u00e9 o mote da<strong> Estilo Feiti\u00e7o<\/strong> para a cole\u00e7\u00e3o especial do <strong>Dia dos Namorados <\/strong>intitulada <em>&#8216;Soneto&#8217;. <\/em>Para esta cole\u00e7\u00e3o, a marca ressalta pe\u00e7as atemporais, que buscam criar um inverno repleto de combina\u00e7\u00f5es entre as cores e as modelagens.&nbsp;<br><\/p>\n\n\n\n<p style=\"font-size:16px\">A cole\u00e7\u00e3o <strong>Soneto<\/strong> busca unir eleg\u00e2ncia, conforto e minimalismo em pe\u00e7as que sejam confort\u00e1veis e descomplicadas. Entre as refer\u00eancias do estilo, a est\u00e9tica minimalista e urbana \u00e9 o destaque para esta cole\u00e7\u00e3o. O arm\u00e1rio c\u00e1psula, que consiste em uma sele\u00e7\u00e3o inteligente de poucas pe\u00e7as que se combinam de formas vers\u00e1teis, pode guiar a constru\u00e7\u00e3o deste guarda-roupas simplificado.<\/p>\n\n\n\n<p style=\"font-size:16px\">&#8220;Como principais bases, trabalhamos com monocrom\u00e1ticos e lisos. Nossa principal aposta para as pe\u00e7as femininas foi a malha Suede, uma base bem conhecida para as temporadas de meia esta\u00e7\u00e3o&#8221;, ressalta a estilista e gerente de marketing da marca, Manu Corr\u00eaa.&nbsp;<\/p>\n\n\n\n<p style=\"font-size:16px\">Para mais informa\u00e7\u00f5es sobre a marca:<\/p>\n\n\n\n<p style=\"font-size:16px\"><a href=\"http:\/\/www.estilofeitico.com.br\/\" target=\"_blank\" rel=\"noreferrer noopener\">www.estilofeitico.com.br\/<\/a><\/p>\n\n\n\n<p style=\"font-size:16px\">@estilofeitico<\/p>\n\n\n\n<p style=\"font-size:16px\">YouTube<\/p>\n","protected":false},"excerpt":{"rendered":"<p>Simplicidade sem perder a eleg\u00e2ncia. Esse \u00e9 o mote da Estilo Feiti\u00e7o para a cole\u00e7\u00e3o especial do Dia dos Namorados intitulada &#8216;Soneto&#8217;. Para esta cole\u00e7\u00e3o, a marca ressalta pe\u00e7as atemporais, que buscam criar um inverno repleto de combina\u00e7\u00f5es entre as cores e as modelagens.&nbsp; A cole\u00e7\u00e3o Soneto busca unir eleg\u00e2ncia, conforto e minimalismo em pe\u00e7as [&hellip;]<\/p>\n","protected":false},"author":1,"featured_media":14351,"comment_status":"closed","ping_status":"open","sticky":false,"template":"","format":"standard","meta":{"footnotes":""},"categories":[15],"tags":[],"class_list":["post-14350","post","type-post","status-publish","format-standard","hentry","category-marketing"],"_links":{"self":[{"href":"https:\/\/cafedigitaletc.com.br\/novo-site\/wp-json\/wp\/v2\/posts\/14350","targetHints":{"allow":["GET"]}}],"collection":[{"href":"https:\/\/cafedigitaletc.com.br\/novo-site\/wp-json\/wp\/v2\/posts"}],"about":[{"href":"https:\/\/cafedigitaletc.com.br\/novo-site\/wp-json\/wp\/v2\/types\/post"}],"author":[{"embeddable":true,"href":"https:\/\/cafedigitaletc.com.br\/novo-site\/wp-json\/wp\/v2\/users\/1"}],"replies":[{"embeddable":true,"href":"https:\/\/cafedigitaletc.com.br\/novo-site\/wp-json\/wp\/v2\/comments?post=14350"}],"version-history":[{"count":0,"href":"https:\/\/cafedigitaletc.com.br\/novo-site\/wp-json\/wp\/v2\/posts\/14350\/revisions"}],"wp:featuredmedia":[{"embeddable":true,"href":"https:\/\/cafedigitaletc.com.br\/novo-site\/wp-json\/"}],"wp:attachment":[{"href":"https:\/\/cafedigitaletc.com.br\/novo-site\/wp-json\/wp\/v2\/media?parent=14350"}],"wp:term":[{"taxonomy":"category","embeddable":true,"href":"https:\/\/cafedigitaletc.com.br\/novo-site\/wp-json\/wp\/v2\/categories?post=14350"},{"taxonomy":"post_tag","embeddable":true,"href":"https:\/\/cafedigitaletc.com.br\/novo-site\/wp-json\/wp\/v2\/tags?post=14350"}],"curies":[{"name":"wp","href":"https:\/\/api.w.org\/{rel}","templated":true}]}}