{"id":14347,"date":"2022-06-01T08:02:33","date_gmt":"2022-06-01T11:02:33","guid":{"rendered":"https:\/\/cafedigitaletc.com.br\/?p=14347"},"modified":"2022-06-01T08:02:33","modified_gmt":"2022-06-01T11:02:33","slug":"espetaculo-ariadne-cartografias-de-um-labirinto-estreia-no-theatro-jose-de-alencar","status":"publish","type":"post","link":"https:\/\/cafedigitaletc.com.br\/novo-site\/2022\/06\/01\/espetaculo-ariadne-cartografias-de-um-labirinto-estreia-no-theatro-jose-de-alencar\/","title":{"rendered":"Espet\u00e1culo &#8220;Ariadne &#8211; Cartografias de um labirinto&#8221; estreia no Theatro Jos\u00e9 de Alencar"},"content":{"rendered":"\n<p><em>A pe\u00e7a \u00e9 uma realiza\u00e7\u00e3o da Companhia Cris\u00e1lida de Teatro, tendo estreado o espet\u00e1culo em formato audiovisual e agora realiza sua primeira temporada presencial<\/em><\/p>\n\n\n\n<p>O Theatro Jos\u00e9 de Alencar (TJA), equipamento da Secretaria da Cultura do Cear\u00e1 (Secult Cear\u00e1), gerido pelo Instituto Drag\u00e3o do Mar (IDM), recebe no dia 7 de junho, no palco principal, o espet\u00e1culo &#8220;Ariadne &#8211; Cartografias de um labirinto&#8221;. As apresenta\u00e7\u00f5es seguem nos dias 8, 15 e 22 de junho, na Sala de Teatro Nadir Sab\u00f3ia, no pr\u00e9dio Anexo &#8211; CENA. As sess\u00f5es acontecem \u00e0s 20h. O espet\u00e1culo \u00e9 uma realiza\u00e7\u00e3o da Companhia Cris\u00e1lida de Teatro, que agora se apresenta de forma presencial, tendo estreado em formato audiovisual. A montagem integra a programa\u00e7\u00e3o do m\u00eas de anivers\u00e1rio de 112 anos do Theatro Jos\u00e9 de Alencar.<\/p>\n\n\n\n<p>&#8220;Ariadne &#8211; Cartografias de um Labirinto&#8221; faz uma releitura do mito grego em conex\u00e3o com a atualidade. Por meio de uma experi\u00eancia sensorial, a pe\u00e7a convida todos a se colocarem no trajeto de &#8220;Ariadne&#8221;, o alter-ego do deus do teatro Dioniso, a senhora do Labirinto, dona do fio da intui\u00e7\u00e3o.<\/p>\n\n\n\n<p>Num mundo em ru\u00ednas, ao desvendar trag\u00e9dias familiares e conflitos pessoais, a personagem mitol\u00f3gica vive a busca de se encontrar com a sua for\u00e7a interior. A cena prop\u00f5e ampliar e ressignificar algumas quest\u00f5es que o mito traz, tais como o amor, o medo, a morte, a pris\u00e3o, o abandono, a dor que habita os sil\u00eancios, a viol\u00eancia contra a mulher, a complexidade das rela\u00e7\u00f5es pol\u00edticas e sociais, e a necessidade humana de sobreviver.&nbsp;<\/p>\n\n\n\n<p>&#8220;Atrav\u00e9s do teatro, damos ouvidos \u00e0 voz da consci\u00eancia e ansiamos por uma metamorfose po\u00e9tica, individual e social, ao falar dos labirintos da alma humana e de quest\u00f5es urgentes da atualidade&#8221;, conta Rafaely Santos, atriz da pe\u00e7a.&nbsp;<\/p>\n\n\n\n<p>O espet\u00e1culo foi escrito e dirigido por Juliana Veras e \u00e9 objeto de pesquisa do seu Mestrado Profissional em Artes junto ao Programa de P\u00f3s-gradua\u00e7\u00e3o em Artes do Instituto Federal de Educa\u00e7\u00e3o, Ci\u00eancia e Tecnologia do Cear\u00e1\/PPGARTES-IFCE. A pe\u00e7a tem pesquisa com Elaine Cristina, Eloiza Tem\u00f3teo, J\u00e9ssy Santos, Ohana Sancho, Paulo de Souza e Rafaely Santos, que juntos comp\u00f5em, com Juliana, a Companhia Cris\u00e1lida.&nbsp;<\/p>\n\n\n\n<p>A pe\u00e7a de teatro viveu o per\u00edodo do seu processo de cria\u00e7\u00e3o em plena pandemia mundial da Covid-19. Juliana Veras explica que o isolamento social levou o grupo a conceber o espet\u00e1culo inicialmente em formato de v\u00eddeo. &#8220;Em um momento ainda dif\u00edcil da pandemia, realizamos a filmagem no Theatro Jos\u00e9 de Alencar, sem p\u00fablico. Esse reencontro com o equipamento \u00e9 um momento simb\u00f3lico de virada para n\u00f3s, de poder ocupar o TJA e a Sala de Teatro Nadir Sab\u00f3ia dialogando com o p\u00fablico em outros formatos, al\u00e9m do visual e do auditivo&#8221;, comenta a diretora.&nbsp;&nbsp;<\/p>\n\n\n\n<p>A vers\u00e3o em v\u00eddeo do espet\u00e1culo foi exibida na tela do Cineteatro S\u00e3o Luiz, de forma pioneira, para o p\u00fablico de cinema, inaugurando o formato de teatro-cinema projetado pela primeira vez na casa. O espet\u00e1culo j\u00e1 foi assistido no Youtube, Teatro Drag\u00e3o do Mar, Cuca Barra e na Casa Absurda.&nbsp;<\/p>\n\n\n\n<p><strong>SERVI\u00c7O<\/strong>&nbsp;<\/p>\n\n\n\n<p>Espet\u00e1culo &#8220;Ariadne &#8211; Cartografias de um labirinto&#8221;<\/p>\n\n\n\n<p>Dia: 7 de junho (Ter\u00e7a)<\/p>\n\n\n\n<p>Sess\u00e3o: 20h<\/p>\n\n\n\n<p>Local: Theatro Jos\u00e9 de Alencar &#8211; Palco Principal (Rua Liberato Barroso, 525 &#8211; Centro)<\/p>\n\n\n\n<p>Dias: 08, 15 e 22 de junho (Quartas)<\/p>\n\n\n\n<p>Sess\u00f5es: 20h&nbsp;<\/p>\n\n\n\n<p>Local: Theatro Jos\u00e9 de Alencar &#8211; Sala de Teatro Nadir Papi Sab\u00f3ia, Anexo CENA (entrada pela Rua 24 de Maio, 600 &#8211; Centro)<\/p>\n\n\n\n<p>Dura\u00e7\u00e3o: 40 Minutos<\/p>\n\n\n\n<p>Classifica\u00e7\u00e3o Indicativa: 12 anos<\/p>\n\n\n\n<p>Ingressos: R$ 30 (inteira) \/ R$ 15 (meia). Vendas antecipadas no site da Sympla. Vendas na bilheteria do teatro (esp\u00e9cie\/Pix) dispon\u00edvel uma hora antes de cada sess\u00e3o.<\/p>\n\n\n\n<p>Protocolos: \u00c9 obrigat\u00f3ria a apresenta\u00e7\u00e3o do comprovante com o esquema vacinal completo contra a Covid-19 (m\u00ednimo de duas doses para pessoas com 12 anos ou mais), acompanhado de documento oficial com foto.<\/p>\n\n\n\n<p>Instagram: <a href=\"https:\/\/webmail.cafedigitaletc.com.br\/cpsess9228524852\/3rdparty\/roundcube\/#NOP\">@ciacrisalida<\/a><\/p>\n\n\n\n<p><strong><em>Sobre o espet\u00e1culo:\u00a0<\/em><\/strong><\/p>\n\n\n\n<p><em>&#8220;Todo mundo tem um fio de ouro que se chama intui\u00e7\u00e3o.<\/em><\/p>\n\n\n\n<p><em>Esse fio tem cor, temperatura, e tem o tamanho<\/em><\/p>\n\n\n\n<p><em>da extens\u00e3o infinita da alma humana&#8221;<\/em><\/p>\n\n\n\n<p>Juliana Veras, Ariadne.<\/p>\n\n\n\n<p>Qual a trajet\u00f3ria que nossa intui\u00e7\u00e3o aponta? Quando nos percebemos num mar de tempestades e d\u00favidas, quais horizontes vislumbramos? O que nos impede de seguir?<\/p>\n\n\n\n<p>&#8220;Ariadne &#8211; Cartografias de um Labirinto&#8221; \u00e9 um convite a uma navega\u00e7\u00e3o de desbravamento de si e do mundo. A cena prop\u00f5e um mergulho no mito do fio de Ariadne, redesenhando rotas de possibilidades em meio a um mar de sonhos, amores, medos, desejos, enfrentamentos e descobertas, ante \u00e0 necessidade humana de ouvir sua voz interior, seguir em frente e sobreviver.<\/p>\n\n\n\n<p>O espet\u00e1culo \u00e9 uma afronta contra o medo e a d\u00favida dos tempos labir\u00ednticos em que vivemos,mirando a coragem e a intui\u00e7\u00e3o.<\/p>\n\n\n\n<p>\u2013 Vamos embarcar juntos?<\/p>\n","protected":false},"excerpt":{"rendered":"<p>A pe\u00e7a \u00e9 uma realiza\u00e7\u00e3o da Companhia Cris\u00e1lida de Teatro, tendo estreado o espet\u00e1culo em formato audiovisual e agora realiza sua primeira temporada presencial O Theatro Jos\u00e9 de Alencar (TJA), equipamento da Secretaria da Cultura do Cear\u00e1 (Secult Cear\u00e1), gerido pelo Instituto Drag\u00e3o do Mar (IDM), recebe no dia 7 de junho, no palco principal, [&hellip;]<\/p>\n","protected":false},"author":1,"featured_media":14348,"comment_status":"closed","ping_status":"open","sticky":false,"template":"","format":"standard","meta":{"footnotes":""},"categories":[10],"tags":[],"class_list":["post-14347","post","type-post","status-publish","format-standard","hentry","category-destaque"],"_links":{"self":[{"href":"https:\/\/cafedigitaletc.com.br\/novo-site\/wp-json\/wp\/v2\/posts\/14347","targetHints":{"allow":["GET"]}}],"collection":[{"href":"https:\/\/cafedigitaletc.com.br\/novo-site\/wp-json\/wp\/v2\/posts"}],"about":[{"href":"https:\/\/cafedigitaletc.com.br\/novo-site\/wp-json\/wp\/v2\/types\/post"}],"author":[{"embeddable":true,"href":"https:\/\/cafedigitaletc.com.br\/novo-site\/wp-json\/wp\/v2\/users\/1"}],"replies":[{"embeddable":true,"href":"https:\/\/cafedigitaletc.com.br\/novo-site\/wp-json\/wp\/v2\/comments?post=14347"}],"version-history":[{"count":0,"href":"https:\/\/cafedigitaletc.com.br\/novo-site\/wp-json\/wp\/v2\/posts\/14347\/revisions"}],"wp:featuredmedia":[{"embeddable":true,"href":"https:\/\/cafedigitaletc.com.br\/novo-site\/wp-json\/"}],"wp:attachment":[{"href":"https:\/\/cafedigitaletc.com.br\/novo-site\/wp-json\/wp\/v2\/media?parent=14347"}],"wp:term":[{"taxonomy":"category","embeddable":true,"href":"https:\/\/cafedigitaletc.com.br\/novo-site\/wp-json\/wp\/v2\/categories?post=14347"},{"taxonomy":"post_tag","embeddable":true,"href":"https:\/\/cafedigitaletc.com.br\/novo-site\/wp-json\/wp\/v2\/tags?post=14347"}],"curies":[{"name":"wp","href":"https:\/\/api.w.org\/{rel}","templated":true}]}}