{"id":14321,"date":"2022-05-30T20:24:48","date_gmt":"2022-05-30T23:24:48","guid":{"rendered":"https:\/\/cafedigitaletc.com.br\/?p=14321"},"modified":"2022-05-30T20:24:48","modified_gmt":"2022-05-30T23:24:48","slug":"ivens-dias-branco-junior-recebe-medalha-da-ordem-do-merito-industrial","status":"publish","type":"post","link":"https:\/\/cafedigitaletc.com.br\/novo-site\/2022\/05\/30\/ivens-dias-branco-junior-recebe-medalha-da-ordem-do-merito-industrial\/","title":{"rendered":"Ivens Dias Branco J\u00fanior recebe Medalha da Ordem do M\u00e9rito Industrial"},"content":{"rendered":"\n<p style=\"font-size:16px\"><em>Presidente da M. Dias Branco recebe a mais alta comenda concedida pela Confedera\u00e7\u00e3o Nacional da Ind\u00fastria (CNI)<\/em><\/p>\n\n\n\n<p style=\"font-size:17px\">O presidente da l\u00edder nacional em massas e biscoitos, <strong>Ivens Dias Branco J\u00fanior, <\/strong>recebe a Medalha da Ordem do M\u00e9rito Industrial, considerada a mais alta comenda concedida pela Confedera\u00e7\u00e3o Nacional da Ind\u00fastria (CNI), entregue todos os anos a personalidades de destaque, que contribuem de maneira relevante para o desenvolvimento e a inova\u00e7\u00e3o do setor industrial brasileiro. A homenagem ocorreu na noite de ontem, 26\/05, no La Maison Coliseu, em Fortaleza.<\/p>\n\n\n\n<p style=\"font-size:17px\">A indica\u00e7\u00e3o do nome de Ivens Dias Branco J\u00fanior, representando o setor aliment\u00edcio cearense para receber a honraria foi realizada por Ricardo Cavalcante, presidente da Federa\u00e7\u00e3o das Ind\u00fastrias do Estado do Cear\u00e1 (FIEC).<\/p>\n\n\n\n<p style=\"font-size:17px\">&#8220;<em>Receber a Medalha da Ordem do M\u00e9rito da Ind\u00fastria da Confedera\u00e7\u00e3o Nacional da Ind\u00fastria tem um significado muito especial. Trata-se da mais alta comenda conferida pela principal representante da ind\u00fastria brasileira na defesa e na promo\u00e7\u00e3o de pol\u00edticas p\u00fablicas, que favorecem o empreendedorismo e a produ\u00e7\u00e3o industrial. Por isso, me sinto honrado pelo reconhecimento<\/em>&#8220;, ressalta Ivens Dias Branco Junior, presidente da M. Dias Branco.<\/p>\n\n\n\n<p style=\"font-size:17px\">O executivo relembra que em 2004, a mesma homenagem foi prestada ao seu pai, Ivens Dias Branco. &#8220;<em>Receber a comenda faz n\u00e3o apenas relembr\u00e1-lo, mas reviver sua trajet\u00f3ria, seus valores e seus ensinamentos, que muito se confundem com a pr\u00f3pria hist\u00f3ria da M. Dias Branco. Por tudo que essa condecora\u00e7\u00e3o representa para a sociedade brasileira e para minha fam\u00edlia, a recebo com muita humildade e a encaro com senso de responsabilidade<\/em>&#8220;, complementa.<\/p>\n\n\n\n<p style=\"font-size:17px\">Com 69 anos de hist\u00f3ria e com o posicionamento corporativo &#8220;Sonhar, realizar, crescer&#8221;, honrando seu passado, conectado com o presente e comunicando o seu desejo para o futuro, a M. Dias Branco nasceu de uma vontade genu\u00edna de realizar e crescer, quando Manuel Dias Branco abriu a Padaria Imperial, em Fortaleza, no Cear\u00e1. Com a entrada do seu filho Ivens Dias Branco nos neg\u00f3cios, o esp\u00edrito empreendedor da Companhia cresceu e marcas como Fortaleza e Richester passaram a fazer parte do dia a dia das fam\u00edlias cearenses, expandindo ano ap\u00f3s ano para outros estados da regi\u00e3o Nordeste.<\/p>\n\n\n\n<p style=\"font-size:17px\">Hoje, a M. Dias Branco est\u00e1 presente em todo o Pa\u00eds, com marcas regionais e nacionais, como Vitarella, Piraqu\u00ea e Adria, al\u00e9m da crescente atua\u00e7\u00e3o no mercado internacional. A Companhia possui 16 ind\u00fastrias ou complexos industriais e suas opera\u00e7\u00f5es geram mais de 16 mil empregos diretos em diferentes regi\u00f5es, refletindo o seu compromisso com fatores importantes para o desenvolvimento econ\u00f4mico e social do pa\u00eds.<\/p>\n","protected":false},"excerpt":{"rendered":"<p>Presidente da M. Dias Branco recebe a mais alta comenda concedida pela Confedera\u00e7\u00e3o Nacional da Ind\u00fastria (CNI) O presidente da l\u00edder nacional em massas e biscoitos, Ivens Dias Branco J\u00fanior, recebe a Medalha da Ordem do M\u00e9rito Industrial, considerada a mais alta comenda concedida pela Confedera\u00e7\u00e3o Nacional da Ind\u00fastria (CNI), entregue todos os anos a [&hellip;]<\/p>\n","protected":false},"author":1,"featured_media":14322,"comment_status":"closed","ping_status":"open","sticky":false,"template":"","format":"standard","meta":{"footnotes":""},"categories":[11],"tags":[],"class_list":["post-14321","post","type-post","status-publish","format-standard","hentry","category-economia"],"_links":{"self":[{"href":"https:\/\/cafedigitaletc.com.br\/novo-site\/wp-json\/wp\/v2\/posts\/14321","targetHints":{"allow":["GET"]}}],"collection":[{"href":"https:\/\/cafedigitaletc.com.br\/novo-site\/wp-json\/wp\/v2\/posts"}],"about":[{"href":"https:\/\/cafedigitaletc.com.br\/novo-site\/wp-json\/wp\/v2\/types\/post"}],"author":[{"embeddable":true,"href":"https:\/\/cafedigitaletc.com.br\/novo-site\/wp-json\/wp\/v2\/users\/1"}],"replies":[{"embeddable":true,"href":"https:\/\/cafedigitaletc.com.br\/novo-site\/wp-json\/wp\/v2\/comments?post=14321"}],"version-history":[{"count":0,"href":"https:\/\/cafedigitaletc.com.br\/novo-site\/wp-json\/wp\/v2\/posts\/14321\/revisions"}],"wp:featuredmedia":[{"embeddable":true,"href":"https:\/\/cafedigitaletc.com.br\/novo-site\/wp-json\/"}],"wp:attachment":[{"href":"https:\/\/cafedigitaletc.com.br\/novo-site\/wp-json\/wp\/v2\/media?parent=14321"}],"wp:term":[{"taxonomy":"category","embeddable":true,"href":"https:\/\/cafedigitaletc.com.br\/novo-site\/wp-json\/wp\/v2\/categories?post=14321"},{"taxonomy":"post_tag","embeddable":true,"href":"https:\/\/cafedigitaletc.com.br\/novo-site\/wp-json\/wp\/v2\/tags?post=14321"}],"curies":[{"name":"wp","href":"https:\/\/api.w.org\/{rel}","templated":true}]}}