{"id":14231,"date":"2022-05-25T20:42:07","date_gmt":"2022-05-25T23:42:07","guid":{"rendered":"https:\/\/cafedigitaletc.com.br\/?p=14231"},"modified":"2022-05-25T20:42:07","modified_gmt":"2022-05-25T23:42:07","slug":"me-chame-pelo-meu-nome-ambev-ajuda-funcionarios-trans-em-processo-de-troca-de-nome","status":"publish","type":"post","link":"https:\/\/cafedigitaletc.com.br\/novo-site\/2022\/05\/25\/me-chame-pelo-meu-nome-ambev-ajuda-funcionarios-trans-em-processo-de-troca-de-nome\/","title":{"rendered":"&#8220;Me chame pelo meu nome&#8221;: Ambev ajuda funcion\u00e1rios trans em processo de troca de nome"},"content":{"rendered":"\n<p style=\"font-size:17px\"><strong><em>Inclus\u00e3o e Diversidade<\/em><\/strong> \/\/ A <strong>Ambev<\/strong> anunciou uma iniciativa in\u00e9dita em seu programa de inclus\u00e3o e diversidade. O projeto &#8220;Me chame pelo meu nome <em>(e pronome tamb\u00e9m)<\/em>&#8221; vai ajudar o time de pessoas trans e travestis no processo de retifica\u00e7\u00e3o de seus nomes, tudo de forma gratuita e com o apoio necess\u00e1rio.<\/p>\n\n\n\n<p style=\"font-size:17px\">Para ajudar no processo, a empresa contar\u00e1 com um advogado especializado no tema para cuidar de todos os tr\u00e2mites burocr\u00e1ticos dos colaboradores que desejam fazer a retifica\u00e7\u00e3o.<\/p>\n\n\n\n<p style=\"font-size:17px\">Indo al\u00e9m, a Ambev tamb\u00e9m anunciou que far\u00e1 uma doa\u00e7\u00e3o proporcional ao valor investido em seus colaboradores \u00e0 Casa Neon Cunha, ONG de acolhimento \u00e0s pessoas da comunidade LGBTQIA+. O valor arrecadado ser\u00e1 enviado para a ONG, e l\u00e1 ser\u00e1 feita a divis\u00e3o para que eles consigam retificar o maior n\u00famero poss\u00edvel de nomes.<\/p>\n\n\n\n<h3 class=\"has-vivid-red-color has-text-color wp-block-heading\" id=\"h-michele-salles-head-de-diversidade-inclusao-e-saude-mental-da-ambev\"><em>Michele Salles, Head de Diversidade, Inclus\u00e3o e Sa\u00fade Mental da Ambev: <\/em>&nbsp;<\/h3>\n\n\n\n<blockquote class=\"wp-block-quote is-style-default is-layout-flow wp-block-quote-is-layout-flow\"><p>\u201cNa Ambev, respeito e empatia s\u00e3o valores inegoci\u00e1veis para que a gente possa transformar vidas para al\u00e9m do nosso ecossistema. Afinal, ser quem voc\u00ea \u00e9 te d\u00e1 liberdade para criar, inovar, discutir e engajar seus planos e movimentos na companhia.\u201d<\/p><\/blockquote>\n\n\n\n<p style=\"font-size:17px\">Atualmente, existem mais de cem pessoas trans na Ambev, em diferentes n\u00edveis hier\u00e1rquicos.<\/p>\n","protected":false},"excerpt":{"rendered":"<p>Inclus\u00e3o e Diversidade \/\/ A Ambev anunciou uma iniciativa in\u00e9dita em seu programa de inclus\u00e3o e diversidade. O projeto &#8220;Me chame pelo meu nome (e pronome tamb\u00e9m)&#8221; vai ajudar o time de pessoas trans e travestis no processo de retifica\u00e7\u00e3o de seus nomes, tudo de forma gratuita e com o apoio necess\u00e1rio. Para ajudar no [&hellip;]<\/p>\n","protected":false},"author":1,"featured_media":14232,"comment_status":"closed","ping_status":"open","sticky":false,"template":"","format":"standard","meta":{"footnotes":""},"categories":[10],"tags":[],"class_list":["post-14231","post","type-post","status-publish","format-standard","hentry","category-destaque"],"_links":{"self":[{"href":"https:\/\/cafedigitaletc.com.br\/novo-site\/wp-json\/wp\/v2\/posts\/14231","targetHints":{"allow":["GET"]}}],"collection":[{"href":"https:\/\/cafedigitaletc.com.br\/novo-site\/wp-json\/wp\/v2\/posts"}],"about":[{"href":"https:\/\/cafedigitaletc.com.br\/novo-site\/wp-json\/wp\/v2\/types\/post"}],"author":[{"embeddable":true,"href":"https:\/\/cafedigitaletc.com.br\/novo-site\/wp-json\/wp\/v2\/users\/1"}],"replies":[{"embeddable":true,"href":"https:\/\/cafedigitaletc.com.br\/novo-site\/wp-json\/wp\/v2\/comments?post=14231"}],"version-history":[{"count":0,"href":"https:\/\/cafedigitaletc.com.br\/novo-site\/wp-json\/wp\/v2\/posts\/14231\/revisions"}],"wp:featuredmedia":[{"embeddable":true,"href":"https:\/\/cafedigitaletc.com.br\/novo-site\/wp-json\/"}],"wp:attachment":[{"href":"https:\/\/cafedigitaletc.com.br\/novo-site\/wp-json\/wp\/v2\/media?parent=14231"}],"wp:term":[{"taxonomy":"category","embeddable":true,"href":"https:\/\/cafedigitaletc.com.br\/novo-site\/wp-json\/wp\/v2\/categories?post=14231"},{"taxonomy":"post_tag","embeddable":true,"href":"https:\/\/cafedigitaletc.com.br\/novo-site\/wp-json\/wp\/v2\/tags?post=14231"}],"curies":[{"name":"wp","href":"https:\/\/api.w.org\/{rel}","templated":true}]}}