{"id":14211,"date":"2022-05-25T13:22:25","date_gmt":"2022-05-25T16:22:25","guid":{"rendered":"https:\/\/cafedigitaletc.com.br\/?p=14211"},"modified":"2022-05-25T13:22:25","modified_gmt":"2022-05-25T16:22:25","slug":"maior-evento-de-moda-autoral-da-america-latina-dfb-festival-inicia-na-praia-de-iracema","status":"publish","type":"post","link":"https:\/\/cafedigitaletc.com.br\/novo-site\/2022\/05\/25\/maior-evento-de-moda-autoral-da-america-latina-dfb-festival-inicia-na-praia-de-iracema\/","title":{"rendered":"Maior evento de moda autoral da Am\u00e9rica Latina, DFB Festival inicia na Praia de Iracema"},"content":{"rendered":"\n<p class=\"has-black-color has-text-color\" style=\"font-size:17px\">A partir desta quarta-feira, 25, a Praia de Iracema, em Fortaleza, ser\u00e1 palco do maior evento de moda autoral da Am\u00e9rica Latina: <strong>DFB Festival<\/strong>, que retoma sua forma presencial e h\u00edbrida na capital cearense at\u00e9 o pr\u00f3ximo dia 28 de maio. Segundo Cl\u00e1udio Silveira, idealizador do evento, o festival carrega o tema &#8220;Ocupe seu espa\u00e7o&#8221; com um olhar 360\u00b0, para retratar o Brasil de diversos horizontes. Para al\u00e9m da moda e de forma multicultural, o p\u00fablico confere programa\u00e7\u00f5es voltadas para <strong><em>cultura, economia, forma\u00e7\u00e3o, ind\u00fastria, gastronomia e turismo.<\/em><\/strong><\/p>\n\n\n\n<p style=\"font-size:17px\">Refor\u00e7ando o compromisso com a criatividade e economia criativa, o DFB ressalta o t\u00edtulo de Fortaleza como Cidade Criativa do Design pela Unesco. O reconhecimento foi outorgado em 2019, ano da \u00faltima edi\u00e7\u00e3o presencial do DFB Festival, quando mais de 3,6 mil postos de trabalho foram gerados e pelo menos 42 mil pessoas passaram pelo evento durante os quatro dias de programa\u00e7\u00e3o.&nbsp;<\/p>\n\n\n\n<p style=\"font-size:17px\">Com uma proposta moderna de cidadania, este ano o festival conta com uma exposi\u00e7\u00e3o do Instituto do C\u00e2ncer do Cear\u00e1 feita com mulheres mastectomizadas. &#8220;O DFB Festival \u00e9 o \u00fanico evento do Brasil focado em moda autoral e com seis editais p\u00fablicos de participa\u00e7\u00e3o. \u00c9 muito mais que moda, pois trabalha o social, \u00e9 incentivador, provocador e mexe com toda a estrutura da ind\u00fastria do Estado, ou seja, o DFB \u00e9 multifacetado&#8221;, explica o idealizador do evento. Segundo Cl\u00e1udio, a for\u00e7a criativa da ind\u00fastria da moda cearense estar\u00e1 muito presente neste ano. &#8220;Teremos pe\u00e7as de bordado, couro, macram\u00ea e v\u00e1rios outros materiais&#8221;, destaca.<\/p>\n\n\n\n<p style=\"font-size:17px\">O DFB Festival 2022 \u00e9 realizado pela Artesanias do Cear\u00e1 e apresentado pela Secretaria Especial da Cultura do Governo Federal e pelo Governo do Estado do Cear\u00e1. Agradecimento \u00e0 Enel, patroc\u00ednio Giga Mall e apoio da Prefeitura de Fortaleza, Sebrae, Cagece e Vicunha. O Evento conta com o apoio institucional da Secretaria de Cultura (Secult\/CE).<\/p>\n\n\n\n<figure class=\"wp-block-gallery has-nested-images columns-default is-cropped wp-block-gallery-1 is-layout-flex wp-block-gallery-is-layout-flex\">\n<figure class=\"wp-block-image size-large\"><img decoding=\"async\" data-id=\"14212\" src=\"https:\/\/cafedigitaletc.com.br\/wp-content\/uploads\/2022\/05\/Foto-5-_-Creditos-Rogerio-Lima.jpeg\" alt=\"\" class=\"wp-image-14212\" \/><figcaption><strong><em>Cr\u00e9ditos: Rog\u00e9rio Lima<\/em><\/strong><\/figcaption><\/figure>\n\n\n\n<figure class=\"wp-block-image size-large\"><img decoding=\"async\" data-id=\"14213\" src=\"https:\/\/cafedigitaletc.com.br\/wp-content\/uploads\/2022\/05\/Foto-3_-Creditos-Rogerio-Lima.jpeg\" alt=\"\" class=\"wp-image-14213\" \/><figcaption><strong><em>Cr\u00e9ditos: Rog\u00e9rio Lima<\/em><\/strong><\/figcaption><\/figure>\n<\/figure>\n\n\n\n<p style=\"font-size:17px\"><strong>Nova cena da moda autoral cearense ocupa espa\u00e7o no DFB Festival 2022<\/strong><\/p>\n\n\n\n<p style=\"font-size:17px\">O evento recebe, neste ano, mais de 20 desfiles em suas passarelas. Dentre eles, estilistas, marcas e especiais de moda cearense. Duas salas com passarelas de 40 metros recebem os desfiles na 22\u00aa edi\u00e7\u00e3o \u2013 o p\u00fablico vai conferir cria\u00e7\u00f5es dos estilistas e marcas Ol\u00e9 Rendeiras por Catarina Mina e QAIR Brasil, Kallil Nepomuceno, Hand Lace, Vitor Cunha, Almerinda Maria, Rend\u00e1, Ivanildo Nunes, Senac Richelieu por Ivanildo Nunes, Marina Bitu, Baba, Lindebergue, Bruno Olly, Banana Urbana, Sherida, Alix, Theresa Montenegro, Manuel Bessa, David Lee, Vi Lingerie, Sau Swim, Sand Blue e Rio de Jas, al\u00e9m do desfile Enel Upcycling e do Projeto 100% CE por Cl\u00e1udio Silveira. Neste ano, o DFB tamb\u00e9m apresenta um desfile de moda <em>Upcycling<\/em>, com reaproveitamento de materiais, em parceria com a Enel Brasil. A apresenta\u00e7\u00e3o complementa as a\u00e7\u00f5es do novo espa\u00e7o do evento, o Factory, com direito a instala\u00e7\u00f5es gigantes de players do setor de eventos do Cear\u00e1 e um palco para os shows, com 28 metros de altura e cenografia 100% feita em sucata.\u00a0<\/p>\n\n\n\n<figure class=\"wp-block-gallery has-nested-images columns-default is-cropped wp-block-gallery-2 is-layout-flex wp-block-gallery-is-layout-flex\">\n<figure class=\"wp-block-image size-large\"><img decoding=\"async\" data-id=\"14215\" src=\"https:\/\/cafedigitaletc.com.br\/wp-content\/uploads\/2022\/05\/Foto-7_-Credito-NICOLAS-GONDIM.jpg\" alt=\"\" class=\"wp-image-14215\" \/><figcaption><em><strong>Cr\u00e9ditos: Roberta Braga<\/strong><\/em><\/figcaption><\/figure>\n\n\n\n<figure class=\"wp-block-image size-large\"><img decoding=\"async\" data-id=\"14216\" src=\"https:\/\/cafedigitaletc.com.br\/wp-content\/uploads\/2022\/05\/Foto-2-_-FOTOS-PASSARELA-ROBERTA-BRAGA-e-CLAUDIO-PEDROSO.jpg\" alt=\"\" class=\"wp-image-14216\" \/><figcaption><em><strong>Cr\u00e9ditos: Roberta Braga<\/strong><\/em><\/figcaption><\/figure>\n\n\n\n<figure class=\"wp-block-image size-large\"><img decoding=\"async\" data-id=\"14214\" src=\"https:\/\/cafedigitaletc.com.br\/wp-content\/uploads\/2022\/05\/Foto-1-_-Credito-FOTOS-PASSARELA-ROBERTA-BRAGA-e-CLAUDIO-PEDROSO.jpg\" alt=\"\" class=\"wp-image-14214\" \/><figcaption><em><strong>Cr\u00e9ditos: Roberta Braga<\/strong><\/em><\/figcaption><\/figure>\n<\/figure>\n\n\n\n<p style=\"font-size:17px\">Para ter acesso \u00e0s palestras, inscreva-se em: <a href=\"https:\/\/bit.ly\/3l74Uvd\" target=\"_blank\" rel=\"noreferrer noopener\">https:\/\/bit.ly\/3l74Uvd<\/a><\/p>\n\n\n\n<p style=\"font-size:17px\"><strong>Confira o line-up completo do cronograma de palestras \u2013 DFB e Drag\u00e3o Pensando Moda:<\/strong><\/p>\n\n\n\n<p style=\"font-size:17px\"><strong>QUARTA- FEIRA &#8211; 25\/05<\/strong><\/p>\n\n\n\n<p style=\"font-size:17px\">13h \u00e0s 13h30 &#8211; Caf\u00e9 com Design Especial Empreendedorismo e Moda &#8211; Sala 2 &#8211; Apresentado por Associa\u00e7\u00e3o Cear\u00e1 Design;<\/p>\n\n\n\n<p style=\"font-size:17px\">15h \u00e0s 17h30 \u2013 Joalheria Contempor\u00e2nea \u2013 Sala 2 <strong>(Senac)<\/strong> &#8211; Apresentado por Alice Floriano, Nath\u00e1lia Canamary e Antonio Rabello;<\/p>\n\n\n\n<p style=\"font-size:17px\">16h \u00e0s 17h30 &#8211; Estrat\u00e9gias e tend\u00eancias para o futuro do marketing digital \u2013 Sala 1 <strong>(Mundo Unifor no DFB) <\/strong>\u2013 Apresentado por Vitor Pe\u00e7anha;<\/p>\n\n\n\n<p style=\"font-size:17px\"><strong>QUINTA-FEIRA &#8211; 26\/05<\/strong><\/p>\n\n\n\n<p style=\"font-size:17px\">9h \u00e0s 12h \u2013 A joia enquanto express\u00e3o art\u00edstica &#8211; Um experimento sobre a joalheria contempor\u00e2nea <strong>\u2013 <\/strong>Espa\u00e7o Senac Refference<strong> (Senac) <\/strong>&#8211; Apresentado Alice Floriano e Nath\u00e1lia Canamary;<\/p>\n\n\n\n<p style=\"font-size:17px\">13h \u00e0s 13h45 &#8211; Recomenda\u00e7\u00f5es para uma moda brasileira sustent\u00e1vel &#8211; Sala 1<strong> (Sebrae nacional) <\/strong>&#8211; Apresentado por Gustavo Narciso (Instituto C&amp;A), Milena Prado (Dieese) e Ver\u00f4nica Couto (Sebrae nacional);<\/p>\n\n\n\n<p style=\"font-size:17px\">14h30 \u00e0s 16h &#8211; Connect Day &#8211; Talk tend\u00eancias de consumo, sustentabilidade na moda e RFID: varejo inteligente &#8211; Sala 1 <strong>(Haco)<\/strong> &#8211; Apresentado por Airam Pagliosa (Santana Textiles), Fernanda Bock (Arezzo &amp; Co) e Renato Jannuzzi Cecchettini (Inova Consulting);<\/p>\n\n\n\n<p style=\"font-size:17px\">15h \u00e0s 17h30 \u2013 Universo Digital \u2013 Sala 2 <strong>(Senac) <\/strong>\u2013 Apresentado por Lucas Le\u00e3o e Valentino Kmentt;<\/p>\n\n\n\n<p style=\"font-size:17px\"><strong>SEXTA-FEIRA \u2013 27\/05<\/strong><\/p>\n\n\n\n<p style=\"font-size:17px\">9h \u00e0s 12h \u2013 Mesa Redonda &#8211; Escrita criativa para a moda &#8211; Espa\u00e7o Senac Refference<strong> (Senac) \u2013 <\/strong>Apresentado por Lucas Winck;<\/p>\n\n\n\n<p style=\"font-size:17px\">15h \u00e0s 17h30 \u2013 Ecossistema da moda \u2013 Sala 2 <strong>(Senac)<\/strong> \u2013 Apresentado por Itiana Pasetti, Adriana Tubino e Dudu Bertholini;<\/p>\n\n\n\n<p style=\"font-size:17px\">16h \u00e0s 17h30 \u2013 Moda e Sustentabilidade &#8211; Sala 1<strong> (Mundo Unifor no DFB)<\/strong> &#8211; Apresentado por Fl\u00e1via Aranha;<\/p>\n\n\n\n<p style=\"font-size:17px\"><strong>S\u00c1BADO \u2013 28\/05<\/strong><\/p>\n\n\n\n<p style=\"font-size:17px\">9h \u00e0s 12h \u2013 Oficina de Ecossistema da Moda \u2013 Espa\u00e7o Senac Refference <strong>(Senac)<\/strong> \u2013 Apresentado por Itiana Pasetti, Adriana Tubino e Dudu Bertholini;<\/p>\n\n\n\n<p style=\"font-size:17px\">15h \u00e0s 17h30 \u2013 Inclus\u00e3o | Experi\u00eancia de marca \u2013 Sala 2 <strong>(Senac) <\/strong>\u2013 Apresentado por Lilyan Berlim, Belly Palma e Denise Faertes (Fruto do Conde).<\/p>\n","protected":false},"excerpt":{"rendered":"<p>A partir desta quarta-feira, 25, a Praia de Iracema, em Fortaleza, ser\u00e1 palco do maior evento de moda autoral da Am\u00e9rica Latina: DFB Festival, que retoma sua forma presencial e h\u00edbrida na capital cearense at\u00e9 o pr\u00f3ximo dia 28 de maio. Segundo Cl\u00e1udio Silveira, idealizador do evento, o festival carrega o tema &#8220;Ocupe seu espa\u00e7o&#8221; [&hellip;]<\/p>\n","protected":false},"author":1,"featured_media":14217,"comment_status":"closed","ping_status":"open","sticky":false,"template":"","format":"standard","meta":{"footnotes":""},"categories":[17,10],"tags":[],"class_list":["post-14211","post","type-post","status-publish","format-standard","hentry","category-cultura-entretenimento","category-destaque"],"_links":{"self":[{"href":"https:\/\/cafedigitaletc.com.br\/novo-site\/wp-json\/wp\/v2\/posts\/14211","targetHints":{"allow":["GET"]}}],"collection":[{"href":"https:\/\/cafedigitaletc.com.br\/novo-site\/wp-json\/wp\/v2\/posts"}],"about":[{"href":"https:\/\/cafedigitaletc.com.br\/novo-site\/wp-json\/wp\/v2\/types\/post"}],"author":[{"embeddable":true,"href":"https:\/\/cafedigitaletc.com.br\/novo-site\/wp-json\/wp\/v2\/users\/1"}],"replies":[{"embeddable":true,"href":"https:\/\/cafedigitaletc.com.br\/novo-site\/wp-json\/wp\/v2\/comments?post=14211"}],"version-history":[{"count":0,"href":"https:\/\/cafedigitaletc.com.br\/novo-site\/wp-json\/wp\/v2\/posts\/14211\/revisions"}],"wp:featuredmedia":[{"embeddable":true,"href":"https:\/\/cafedigitaletc.com.br\/novo-site\/wp-json\/"}],"wp:attachment":[{"href":"https:\/\/cafedigitaletc.com.br\/novo-site\/wp-json\/wp\/v2\/media?parent=14211"}],"wp:term":[{"taxonomy":"category","embeddable":true,"href":"https:\/\/cafedigitaletc.com.br\/novo-site\/wp-json\/wp\/v2\/categories?post=14211"},{"taxonomy":"post_tag","embeddable":true,"href":"https:\/\/cafedigitaletc.com.br\/novo-site\/wp-json\/wp\/v2\/tags?post=14211"}],"curies":[{"name":"wp","href":"https:\/\/api.w.org\/{rel}","templated":true}]}}