{"id":14190,"date":"2022-05-24T20:03:50","date_gmt":"2022-05-24T23:03:50","guid":{"rendered":"https:\/\/cafedigitaletc.com.br\/?p=14190"},"modified":"2022-05-24T20:03:50","modified_gmt":"2022-05-24T23:03:50","slug":"estilista-iury-costa-participa-de-novo-episodio-do-podcast-os-nordestinos-pelo-mundo","status":"publish","type":"post","link":"https:\/\/cafedigitaletc.com.br\/novo-site\/2022\/05\/24\/estilista-iury-costa-participa-de-novo-episodio-do-podcast-os-nordestinos-pelo-mundo\/","title":{"rendered":"Estilista Iury Costa participa de novo epis\u00f3dio do podcast &#8216;Os Nordestinos pelo Mundo&#8217;"},"content":{"rendered":"\n<p style=\"font-size:16px\"><strong>Marketing \/\/ <\/strong>Diretor criativo da marca hom\u00f4nima, Iury Costa \u00e9 o convidado do novo epis\u00f3dio do podcast Os Nordestinos Pelo Mundo. Em um bate-papo leve e descontra\u00eddo com o apresentador L\u00e9o Paiva (@leovaipramarte), o estilista compartilhou um pouco da sua trajet\u00f3ria \u00e0 frente da IC, hoje refer\u00eancia nacional, e ainda sobre refer\u00eancias na moda, f\u00e9 e pr\u00f3ximos projetos para a marca.\u00a0<\/p>\n\n\n\n<p style=\"font-size:16px\">Durante a entrevista, Iury tamb\u00e9m comentou sobre a surpresa ao ver Juliette com o vestido Kyoto em rede nacional, no programa Encontro com F\u00e1tima Bernardes. &#8220;N\u00e3o sabemos como ela conseguiu, porque o vestido esgotou j\u00e1 faz um tempo, mas todo o nosso time ficou muito feliz&#8221;, compartilhou.&nbsp;<\/p>\n\n\n\n<p style=\"font-size:16px\">Link da entrevista: <a href=\"https:\/\/www.youtube.com\/watch?v=w34pNeuUTZQ\" target=\"_blank\" rel=\"noreferrer noopener\">https:\/\/www.youtube.com\/watch?v=w34pNeuUTZQ<\/a>&nbsp;<\/p>\n","protected":false},"excerpt":{"rendered":"<p>Marketing \/\/ Diretor criativo da marca hom\u00f4nima, Iury Costa \u00e9 o convidado do novo epis\u00f3dio do podcast Os Nordestinos Pelo Mundo. Em um bate-papo leve e descontra\u00eddo com o apresentador L\u00e9o Paiva (@leovaipramarte), o estilista compartilhou um pouco da sua trajet\u00f3ria \u00e0 frente da IC, hoje refer\u00eancia nacional, e ainda sobre refer\u00eancias na moda, f\u00e9 [&hellip;]<\/p>\n","protected":false},"author":1,"featured_media":14191,"comment_status":"closed","ping_status":"open","sticky":false,"template":"","format":"standard","meta":{"footnotes":""},"categories":[15],"tags":[],"class_list":["post-14190","post","type-post","status-publish","format-standard","hentry","category-marketing"],"_links":{"self":[{"href":"https:\/\/cafedigitaletc.com.br\/novo-site\/wp-json\/wp\/v2\/posts\/14190","targetHints":{"allow":["GET"]}}],"collection":[{"href":"https:\/\/cafedigitaletc.com.br\/novo-site\/wp-json\/wp\/v2\/posts"}],"about":[{"href":"https:\/\/cafedigitaletc.com.br\/novo-site\/wp-json\/wp\/v2\/types\/post"}],"author":[{"embeddable":true,"href":"https:\/\/cafedigitaletc.com.br\/novo-site\/wp-json\/wp\/v2\/users\/1"}],"replies":[{"embeddable":true,"href":"https:\/\/cafedigitaletc.com.br\/novo-site\/wp-json\/wp\/v2\/comments?post=14190"}],"version-history":[{"count":0,"href":"https:\/\/cafedigitaletc.com.br\/novo-site\/wp-json\/wp\/v2\/posts\/14190\/revisions"}],"wp:featuredmedia":[{"embeddable":true,"href":"https:\/\/cafedigitaletc.com.br\/novo-site\/wp-json\/"}],"wp:attachment":[{"href":"https:\/\/cafedigitaletc.com.br\/novo-site\/wp-json\/wp\/v2\/media?parent=14190"}],"wp:term":[{"taxonomy":"category","embeddable":true,"href":"https:\/\/cafedigitaletc.com.br\/novo-site\/wp-json\/wp\/v2\/categories?post=14190"},{"taxonomy":"post_tag","embeddable":true,"href":"https:\/\/cafedigitaletc.com.br\/novo-site\/wp-json\/wp\/v2\/tags?post=14190"}],"curies":[{"name":"wp","href":"https:\/\/api.w.org\/{rel}","templated":true}]}}