{"id":14186,"date":"2022-05-24T20:00:29","date_gmt":"2022-05-24T23:00:29","guid":{"rendered":"https:\/\/cafedigitaletc.com.br\/?p=14186"},"modified":"2022-05-24T20:00:29","modified_gmt":"2022-05-24T23:00:29","slug":"14186-2","status":"publish","type":"post","link":"https:\/\/cafedigitaletc.com.br\/novo-site\/2022\/05\/24\/14186-2\/","title":{"rendered":"Programa Corredores Digitais lan\u00e7a edital para selecionar startups"},"content":{"rendered":"\n<p style=\"font-size:17px\">O Governo do Estado do Cear\u00e1, por meio da Secretaria da Ci\u00eancia, Tecnologia e Educa\u00e7\u00e3o Superior (Secitece), lan\u00e7a novas oportunidades com a edi\u00e7\u00e3o 2022 do Programa Corredores Digitais, um Hub de Inova\u00e7\u00e3o que promove o desenvolvimento de neg\u00f3cios, do come\u00e7o \u00e0 gera\u00e7\u00e3o de seus resultados.<\/p>\n\n\n\n<p style=\"font-size:17px\">Com o objetivo de apoiar empreendedores com startups em v\u00e1rias fases de maturidade, o programa leva conte\u00fado pr\u00e1tico de qualidade possibilitamos crescimento, em tr\u00eas jornadas diferentes.<\/p>\n\n\n\n<p style=\"font-size:17px\">A <strong>&#8220;Jornada Bora Criar&#8221;, <\/strong>feita para pessoas que possuem uma ideia de neg\u00f3cio, mas n\u00e3o sabem como transform\u00e1-la em um neg\u00f3cio vi\u00e1vel, at\u00e9 170 startups ser\u00e3o selecionadas.<\/p>\n\n\n\n<p style=\"font-size:17px\">A <strong>&#8220;Jornada Bora Crescer&#8221;<\/strong>, para quem possui uma startup, mas quer amadurecer o neg\u00f3cio e buscar crescimento, ser\u00e3o selecionadas at\u00e9 30 startups em fase operacional.<\/p>\n\n\n\n<p style=\"font-size:17px\">A <strong>&#8220;Jornada Bora Transformar&#8221;<\/strong>, realizada com o programa Clusters Econ\u00f4mico de Inova\u00e7\u00e3o, da Secretaria do Desenvolvimento Econ\u00f4mico e Trabalho (Sedet), voltada para quem possui uma solu\u00e7\u00e3o e deseja se conectar com demandas reais do mercado atrav\u00e9s de um dos 57 problemas identificados nas regi\u00f5es de planejamento do Estado do Cear\u00e1, ser\u00e3o selecionadas at\u00e9 90 startups, com disponibilidade de recursos financeiros por meio 180 bolsas de inova\u00e7\u00e3o, e poder\u00e3o contar com o apoio de 52 pesquisadores para ajud\u00e1-los na modelagem das solu\u00e7\u00f5es.<\/p>\n\n\n\n<p style=\"font-size:17px\">Nesta edi\u00e7\u00e3o, 290 startups ser\u00e3o selecionadas e aceleradas. Os empreendedores interessados dever\u00e3o inscrever suas startups pelo site (<a href=\"http:\/\/www.sct.ce.gov.br\/corredoresdigitais\" target=\"_blank\" rel=\"noreferrer noopener\">www.sct.ce.gov.br\/corredoresdigitais<\/a>), podendo escolher qual das tr\u00eas jornadas t\u00eam mais ader\u00eancia com a sua startup.<\/p>\n\n\n\n<p style=\"font-size:17px\"><a><\/a>As 290 startups ser\u00e3o selecionadas e, ao longo de seis meses, ter\u00e3o acesso a diversos benef\u00edcios, incluindo: capacita\u00e7\u00e3o, mentoria, networking, infraestrutura, benef\u00edcios de parceiros, servi\u00e7os como registro de marca no INPI, assessoria jur\u00eddica e assessoria cont\u00e1bil. As inscri\u00e7\u00f5es seguem at\u00e9 o dia 12 de junho.<\/p>\n\n\n\n<p style=\"font-size:17px\"><strong>O edital<\/strong><\/p>\n\n\n\n<p style=\"font-size:17px\">&#8220;H\u00e1 10 anos o Programa Corredores Digitais apoia ideias que viraram novas tecnologias e modelos de neg\u00f3cios, movimentando a economia no estado. \u00c9 a prova do qu\u00e3o criativo, inovador e empreendedor \u00e9 o cearense, e n\u00f3s estamos aqui para profissionalizar todo este talento&#8221;, afirma Gabriella Purcaru, coordenadora de Empreendedorismo e Inova\u00e7\u00e3o da Secitece.<\/p>\n\n\n\n<p style=\"font-size:17px\">O titular da Secitece, Carlos D\u00e9cimo, refor\u00e7a que o Programa Corredores Digitais \u00e9 um dos maiores do pa\u00eds. &#8220;Da iniciativa p\u00fablica, \u00e9 um dos maiores programas se posicionando atualmente como um Hub na \u00e1rea de acelerar neg\u00f3cios da ideia ao mercado&#8221;. As inscri\u00e7\u00f5es seguem at\u00e9 o dia 12 de junho e com oportunidade para startups em diferentes est\u00e1gios de desenvolvimento.<\/p>\n","protected":false},"excerpt":{"rendered":"<p>O Governo do Estado do Cear\u00e1, por meio da Secretaria da Ci\u00eancia, Tecnologia e Educa\u00e7\u00e3o Superior (Secitece), lan\u00e7a novas oportunidades com a edi\u00e7\u00e3o 2022 do Programa Corredores Digitais, um Hub de Inova\u00e7\u00e3o que promove o desenvolvimento de neg\u00f3cios, do come\u00e7o \u00e0 gera\u00e7\u00e3o de seus resultados. Com o objetivo de apoiar empreendedores com startups em v\u00e1rias [&hellip;]<\/p>\n","protected":false},"author":1,"featured_media":14187,"comment_status":"closed","ping_status":"open","sticky":false,"template":"","format":"standard","meta":{"footnotes":""},"categories":[11],"tags":[],"class_list":["post-14186","post","type-post","status-publish","format-standard","hentry","category-economia"],"_links":{"self":[{"href":"https:\/\/cafedigitaletc.com.br\/novo-site\/wp-json\/wp\/v2\/posts\/14186","targetHints":{"allow":["GET"]}}],"collection":[{"href":"https:\/\/cafedigitaletc.com.br\/novo-site\/wp-json\/wp\/v2\/posts"}],"about":[{"href":"https:\/\/cafedigitaletc.com.br\/novo-site\/wp-json\/wp\/v2\/types\/post"}],"author":[{"embeddable":true,"href":"https:\/\/cafedigitaletc.com.br\/novo-site\/wp-json\/wp\/v2\/users\/1"}],"replies":[{"embeddable":true,"href":"https:\/\/cafedigitaletc.com.br\/novo-site\/wp-json\/wp\/v2\/comments?post=14186"}],"version-history":[{"count":0,"href":"https:\/\/cafedigitaletc.com.br\/novo-site\/wp-json\/wp\/v2\/posts\/14186\/revisions"}],"wp:featuredmedia":[{"embeddable":true,"href":"https:\/\/cafedigitaletc.com.br\/novo-site\/wp-json\/"}],"wp:attachment":[{"href":"https:\/\/cafedigitaletc.com.br\/novo-site\/wp-json\/wp\/v2\/media?parent=14186"}],"wp:term":[{"taxonomy":"category","embeddable":true,"href":"https:\/\/cafedigitaletc.com.br\/novo-site\/wp-json\/wp\/v2\/categories?post=14186"},{"taxonomy":"post_tag","embeddable":true,"href":"https:\/\/cafedigitaletc.com.br\/novo-site\/wp-json\/wp\/v2\/tags?post=14186"}],"curies":[{"name":"wp","href":"https:\/\/api.w.org\/{rel}","templated":true}]}}