{"id":14132,"date":"2022-05-19T19:26:45","date_gmt":"2022-05-19T22:26:45","guid":{"rendered":"https:\/\/cafedigitaletc.com.br\/?p=14132"},"modified":"2022-05-19T19:26:45","modified_gmt":"2022-05-19T22:26:45","slug":"cumbuco-recebera-nova-edicao-do-winds-for-future-em-setembro","status":"publish","type":"post","link":"https:\/\/cafedigitaletc.com.br\/novo-site\/2022\/05\/19\/cumbuco-recebera-nova-edicao-do-winds-for-future-em-setembro\/","title":{"rendered":"Cumbuco receber\u00e1 nova edi\u00e7\u00e3o do &#8216;Winds For Future&#8217; em setembro"},"content":{"rendered":"\n<p style=\"font-size:16px\">A segunda edi\u00e7\u00e3o da <strong>Confer\u00eancia Winds For Future<\/strong> est\u00e1 confirmada para acontecer entre 22 e 25 de setembro de 2022, na Praia do Cumbuco, localizada no Munic\u00edpio de Caucaia, a apenas 27km de Fortaleza. Numa arena \u00e0 beira-mar com mais de 10 mil metros quadrados, o festival pretende conectar e inspirar agentes transformadores a usar a inova\u00e7\u00e3o e tecnologia para criar um futuro cada vez mais sustent\u00e1vel.<\/p>\n\n\n\n<p style=\"font-size:16px\">Durante quatro dias, o evento reunir\u00e1 l\u00edderes sociais, painelistas, empresas, organiza\u00e7\u00f5es de fomento \u00e0 inova\u00e7\u00e3o e sustentabilidade e a comunidade para imergir em experi\u00eancias de conex\u00e3o, transforma\u00e7\u00e3o, contato com a natureza, entretenimento, gastronomia, tecnologia e sustentabilidade. O pr\u00e9-registro para participar j\u00e1 est\u00e1 dispon\u00edvel e pode ser realizado em <a href=\"https:\/\/windsforfuture.com\/registro\/\" target=\"_blank\" rel=\"noreferrer noopener\">https:\/\/windsforfuture.com\/registro\/<\/a>.\u00a0\u00a0<\/p>\n\n\n\n<p style=\"font-size:16px\">Com expectativa e capacidade para receber mais de 20 mil visitantes, o evento contar\u00e1 com mais de 200 expositores e painelistas nacionais e internacionais; mais de 100 startups; feira de produtos sustent\u00e1veis; hub de inova\u00e7\u00e3o ecosocial com oficinas e workshops voltados para sustentabilidade; feira de lan\u00e7amentos de produtos el\u00e9tricos, como carros, motos e microgeradores de energia; pain\u00e9is de neg\u00f3cios sociais de alto impacto; al\u00e9m de shows de artistas nacionais e regionais.\u00a0<\/p>\n","protected":false},"excerpt":{"rendered":"<p>A segunda edi\u00e7\u00e3o da Confer\u00eancia Winds For Future est\u00e1 confirmada para acontecer entre 22 e 25 de setembro de 2022, na Praia do Cumbuco, localizada no Munic\u00edpio de Caucaia, a apenas 27km de Fortaleza. Numa arena \u00e0 beira-mar com mais de 10 mil metros quadrados, o festival pretende conectar e inspirar agentes transformadores a usar [&hellip;]<\/p>\n","protected":false},"author":1,"featured_media":14133,"comment_status":"closed","ping_status":"open","sticky":false,"template":"","format":"standard","meta":{"footnotes":""},"categories":[10],"tags":[],"class_list":["post-14132","post","type-post","status-publish","format-standard","hentry","category-destaque"],"_links":{"self":[{"href":"https:\/\/cafedigitaletc.com.br\/novo-site\/wp-json\/wp\/v2\/posts\/14132","targetHints":{"allow":["GET"]}}],"collection":[{"href":"https:\/\/cafedigitaletc.com.br\/novo-site\/wp-json\/wp\/v2\/posts"}],"about":[{"href":"https:\/\/cafedigitaletc.com.br\/novo-site\/wp-json\/wp\/v2\/types\/post"}],"author":[{"embeddable":true,"href":"https:\/\/cafedigitaletc.com.br\/novo-site\/wp-json\/wp\/v2\/users\/1"}],"replies":[{"embeddable":true,"href":"https:\/\/cafedigitaletc.com.br\/novo-site\/wp-json\/wp\/v2\/comments?post=14132"}],"version-history":[{"count":0,"href":"https:\/\/cafedigitaletc.com.br\/novo-site\/wp-json\/wp\/v2\/posts\/14132\/revisions"}],"wp:featuredmedia":[{"embeddable":true,"href":"https:\/\/cafedigitaletc.com.br\/novo-site\/wp-json\/"}],"wp:attachment":[{"href":"https:\/\/cafedigitaletc.com.br\/novo-site\/wp-json\/wp\/v2\/media?parent=14132"}],"wp:term":[{"taxonomy":"category","embeddable":true,"href":"https:\/\/cafedigitaletc.com.br\/novo-site\/wp-json\/wp\/v2\/categories?post=14132"},{"taxonomy":"post_tag","embeddable":true,"href":"https:\/\/cafedigitaletc.com.br\/novo-site\/wp-json\/wp\/v2\/tags?post=14132"}],"curies":[{"name":"wp","href":"https:\/\/api.w.org\/{rel}","templated":true}]}}