{"id":14125,"date":"2022-05-16T20:04:53","date_gmt":"2022-05-16T23:04:53","guid":{"rendered":"https:\/\/cafedigitaletc.com.br\/?p=14125"},"modified":"2022-05-16T20:04:53","modified_gmt":"2022-05-16T23:04:53","slug":"brand-homem-do-sapato-lanca-avantgarde-hs","status":"publish","type":"post","link":"https:\/\/cafedigitaletc.com.br\/novo-site\/2022\/05\/16\/brand-homem-do-sapato-lanca-avantgarde-hs\/","title":{"rendered":"Brand Homem do Sapato lan\u00e7a &#8216;Avantgarde HS&#8217;"},"content":{"rendered":"\n<p style=\"font-size:17px\">A <strong>Homem do Sapato<\/strong>, refer\u00eancia no segmento de cal\u00e7ados masculinos, lan\u00e7a a sua\u00a0 Flash Pop Store, intitulada Avantgarde HS. A nova a\u00e7\u00e3o itinerante da brand foi apresentada durante o lan\u00e7amento dos novos autom\u00f3veis da Mercedes-Benz na Newsedan e no lan\u00e7amento da s\u00e9rie M na BMW Haus. A a\u00e7\u00e3o conta com displays em fibra de carbono com aspecto asf\u00e1ltico, um Pit Stop exclusivo, al\u00e9m de uma design exclusivo para garantir a originalidade da experi\u00eancia de imers\u00e3o no universo automotivo.\u00a0<\/p>\n\n\n\n<p style=\"font-size:17px\">Com o objetivo de expor os produtos exclusivos da marca em a\u00e7\u00f5es exclusivas, a Homem do Sapato j\u00e1 tem presen\u00e7a consolidada nos eventos de lan\u00e7amento de carros por todo o pa\u00eds. A Flash Pop Store &#8220;Avantgarde HS&#8221; \u00e9 uma loja compactada e com dura\u00e7\u00e3o r\u00e1pida e, segundo o criador da brand, Jhonatan R\u00eago, esta \u00e9 mais uma forma da HS interagir com esse mundo t\u00e3o fascinante.<\/p>\n\n\n\n<p style=\"font-size:17px\">&#8220;H\u00e1 alguns dias, lan\u00e7amos a nossa Avantgarde HS, juntamente com dois lan\u00e7amentos AMG MERCEDES. J\u00e1 no \u00faltimo fim de semana, estivemos presentes no lan\u00e7amento da s\u00e9rie M na BMW Haus. Muitos clientes vieram nos perguntar se seria uma cole\u00e7\u00e3o c\u00e1psula da Homem do Sapato. Como muitos j\u00e1 sabem, n\u00f3s amamos essa experi\u00eancia f\u00edsica e, principalmente, quando envolve essa mesma energia da marca&#8221;, explica Jhonatan R\u00eago.&nbsp;<\/p>\n","protected":false},"excerpt":{"rendered":"<p>A Homem do Sapato, refer\u00eancia no segmento de cal\u00e7ados masculinos, lan\u00e7a a sua\u00a0 Flash Pop Store, intitulada Avantgarde HS. A nova a\u00e7\u00e3o itinerante da brand foi apresentada durante o lan\u00e7amento dos novos autom\u00f3veis da Mercedes-Benz na Newsedan e no lan\u00e7amento da s\u00e9rie M na BMW Haus. A a\u00e7\u00e3o conta com displays em fibra de carbono [&hellip;]<\/p>\n","protected":false},"author":1,"featured_media":14126,"comment_status":"closed","ping_status":"open","sticky":false,"template":"","format":"standard","meta":{"footnotes":""},"categories":[15],"tags":[],"class_list":["post-14125","post","type-post","status-publish","format-standard","hentry","category-marketing"],"_links":{"self":[{"href":"https:\/\/cafedigitaletc.com.br\/novo-site\/wp-json\/wp\/v2\/posts\/14125","targetHints":{"allow":["GET"]}}],"collection":[{"href":"https:\/\/cafedigitaletc.com.br\/novo-site\/wp-json\/wp\/v2\/posts"}],"about":[{"href":"https:\/\/cafedigitaletc.com.br\/novo-site\/wp-json\/wp\/v2\/types\/post"}],"author":[{"embeddable":true,"href":"https:\/\/cafedigitaletc.com.br\/novo-site\/wp-json\/wp\/v2\/users\/1"}],"replies":[{"embeddable":true,"href":"https:\/\/cafedigitaletc.com.br\/novo-site\/wp-json\/wp\/v2\/comments?post=14125"}],"version-history":[{"count":0,"href":"https:\/\/cafedigitaletc.com.br\/novo-site\/wp-json\/wp\/v2\/posts\/14125\/revisions"}],"wp:featuredmedia":[{"embeddable":true,"href":"https:\/\/cafedigitaletc.com.br\/novo-site\/wp-json\/"}],"wp:attachment":[{"href":"https:\/\/cafedigitaletc.com.br\/novo-site\/wp-json\/wp\/v2\/media?parent=14125"}],"wp:term":[{"taxonomy":"category","embeddable":true,"href":"https:\/\/cafedigitaletc.com.br\/novo-site\/wp-json\/wp\/v2\/categories?post=14125"},{"taxonomy":"post_tag","embeddable":true,"href":"https:\/\/cafedigitaletc.com.br\/novo-site\/wp-json\/wp\/v2\/tags?post=14125"}],"curies":[{"name":"wp","href":"https:\/\/api.w.org\/{rel}","templated":true}]}}