{"id":13979,"date":"2022-05-07T10:33:28","date_gmt":"2022-05-07T13:33:28","guid":{"rendered":"https:\/\/cafedigitaletc.com.br\/?p=13979"},"modified":"2022-05-07T10:33:28","modified_gmt":"2022-05-07T13:33:28","slug":"brasil-sabor-30-restaurantes-cearenses-participam-do-maior-festival-gastronomico-do-mundo","status":"publish","type":"post","link":"https:\/\/cafedigitaletc.com.br\/novo-site\/2022\/05\/07\/brasil-sabor-30-restaurantes-cearenses-participam-do-maior-festival-gastronomico-do-mundo\/","title":{"rendered":"<strong>Brasil Sabor: 30 restaurantes cearenses participam do maior festival gastron\u00f4mico do mundo<\/strong>"},"content":{"rendered":"\n<p style=\"font-size:18px\"><em>Casas de Fortaleza, Eus\u00e9bio, Caucaia, Vi\u00e7osa e Tiangu\u00e1 participam da edi\u00e7\u00e3o 2022<\/em><\/p>\n\n\n\n<p class=\"has-drop-cap\" style=\"font-size:18px\">A 16\u00aa edi\u00e7\u00e3o do Brasil Sabor, maior festival gastron\u00f4mico do planeta, se aproxima. Entre os dias 12 e 29 de maio, cerca de 900 estabelecimentos em 20 estados e no Distrito Federal, participar\u00e3o do evento culin\u00e1rio, que tem como tema &#8220;Brasil Sabor \u2013 Maior do Mundo, Original do Brasil&#8221;. No Cear\u00e1, 30 bares e restaurantes de cinco munic\u00edpios v\u00e3o preparar um prato que remete \u00e0 sua cozinha local, em uma celebra\u00e7\u00e3o aos sabores de todos os cantos do pa\u00eds. A realiza\u00e7\u00e3o \u00e9 da Abrasel.<\/p>\n\n\n\n<p style=\"font-size:18px\">O festival acontecer\u00e1 em formato h\u00edbrido e possibilitar\u00e1 que os clientes experimentem os pratos nos restaurantes ou em casa, via delivery ou pra levar. Os pratos ter\u00e3o pre\u00e7os promocionais durante todo o Brasil Sabor, e a lista de participantes, juntamente com os hor\u00e1rios de funcionamento, ser\u00e3o disponibilizados no site oficial do evento.<\/p>\n\n\n\n<p style=\"font-size:18px\">No Cear\u00e1, alimentos tradicionais na culin\u00e1ria, como peixe, carne de sol, porco, camar\u00e3o e manteiga da terra, entre outros, comp\u00f5em os pratos elaborados pelos estabelecimentos participantes do festival. &#8220;Cada restaurante embarcou na proposta e adaptou suas pr\u00f3prias caracter\u00edsticas com um tempero genuinamente cearense. Com isso, estamos promovendo dois tipos de retorno: \u00e0s nossas ra\u00edzes e dos consumidores aos estabelecimentos&#8221;, explicou&nbsp; o presidente da Abrasel no Cear\u00e1, Taiene Righetto.<\/p>\n\n\n\n<p style=\"font-size:18px\">Casas de Fortaleza, Eus\u00e9bio, Caucaia, Vi\u00e7osa e Tiangu\u00e1 se inscreveram para participar da edi\u00e7\u00e3o 2022, nos mais diferentes perfis de estabelecimentos, mostrando a pluralidade do festival e da pr\u00f3pria culin\u00e1ria cearense. Confira os participantes:<\/p>\n\n\n\n<p style=\"font-size:18px\">Arretadus Hamburgueria,<\/p>\n\n\n\n<p style=\"font-size:18px\">Barra Sol &#8211; Sir Fisher,<\/p>\n\n\n\n<p style=\"font-size:18px\">Bulls Beer House,<\/p>\n\n\n\n<p style=\"font-size:18px\">Cabana Carnes e Pizzas,<\/p>\n\n\n\n<p style=\"font-size:18px\">Caba\u00f1a del Primo &#8211; Unidade Jardins,<\/p>\n\n\n\n<p style=\"font-size:18px\">Caf\u00e9 Ilha,<\/p>\n\n\n\n<p style=\"font-size:18px\">Carneiro do Diniz,<\/p>\n\n\n\n<p style=\"font-size:18px\">Cervejaria Capitosa,<\/p>\n\n\n\n<p style=\"font-size:18px\">Cervejaria Turatti,<\/p>\n\n\n\n<p style=\"font-size:18px\">Culin\u00e1ria da Van,<\/p>\n\n\n\n<p style=\"font-size:18px\">Divina Comida,<\/p>\n\n\n\n<p style=\"font-size:18px\">Espetim do Tio,<\/p>\n\n\n\n<p style=\"font-size:18px\">Floresta,<\/p>\n\n\n\n<p style=\"font-size:18px\">Geppos Italiano,<\/p>\n\n\n\n<p style=\"font-size:18px\">Geppos Praia,<\/p>\n\n\n\n<p style=\"font-size:18px\">Giulietta Vi\u00e7osa do Cear\u00e1,<\/p>\n\n\n\n<p style=\"font-size:18px\">Giz Cozinha Bo\u00eamia,<\/p>\n\n\n\n<p style=\"font-size:18px\">Hoots Gastropub,<\/p>\n\n\n\n<p style=\"font-size:18px\">Maori Beach Club,<\/p>\n\n\n\n<p style=\"font-size:18px\">Mar de Rosas Restaurante,<\/p>\n\n\n\n<p style=\"font-size:18px\">Menu Alimenta\u00e7\u00e3o Saud\u00e1vel,<\/p>\n\n\n\n<p style=\"font-size:18px\">Novos Bo\u00eamios,<\/p>\n\n\n\n<p style=\"font-size:18px\">Ocaso Lounge Bar,<\/p>\n\n\n\n<p style=\"font-size:18px\">Pakato Grill,<\/p>\n\n\n\n<p style=\"font-size:18px\">Raiz Cozinha Brasileira,<\/p>\n\n\n\n<p style=\"font-size:18px\">Restaurante Arupemba,<\/p>\n\n\n\n<p style=\"font-size:18px\">Restaurante Manac\u00e1 da Serra,<\/p>\n\n\n\n<p style=\"font-size:18px\">Restaurante Velas do Cumbuco,<\/p>\n\n\n\n<p style=\"font-size:18px\">Tempero do Mar,<\/p>\n\n\n\n<p style=\"font-size:18px\">Terra do Sol.<\/p>\n\n\n\n<p style=\"font-size:18px\">Para o l\u00edder de eventos da Abrasel, Fred Torres, o grande beneficiado com o festival \u00e9 o consumidor. &#8220;\u00c9 uma \u00f3tima oportunidade de reunir com os amigos e familiares, principalmente depois de tanto tempo com restaurantes fechados e pouco conv\u00edvio social. O Brasil Sabor tem tamb\u00e9m essa valoriza\u00e7\u00e3o da gastronomia local, dos saberes regionais, que d\u00e3o um toque todo especial nas receitas e op\u00e7\u00f5es de card\u00e1pio&#8221;, diz.<\/p>\n\n\n\n<p style=\"font-size:18px\"><strong>Descontos e pr\u00eamios<\/strong><\/p>\n\n\n\n<p style=\"font-size:18px\">Al\u00e9m de degustar pratos com a cara do Cear\u00e1 a pre\u00e7os especiais, o consumidor que visitar um dos estabelecimentos participantes do Brasil Sabor e pedir um dos itens elaborados para o festival poder\u00e1 concorrer a pr\u00eamios. Entre as bonifica\u00e7\u00f5es, est\u00e3o outros itens do card\u00e1pio e passeios tur\u00edsticos. &#8220;Esta \u00e9 uma maneira de incentivar n\u00e3o s\u00f3 as pessoas a conhecerem um pouco mais de sua culin\u00e1ria, como tamb\u00e9m conhecer mais o Estado e o Pa\u00eds&#8221;, destaca Righetto.<\/p>\n\n\n\n<p style=\"font-size:18px\"><strong>Ganha-ganha<\/strong><\/p>\n\n\n\n<p style=\"font-size:18px\">O festival Brasil Sabor tem ainda o compromisso de dar holofotes a um dos principais agentes para o sucesso do evento. Com isso, anualmente, os melhores gar\u00e7ons entre os restaurantes participantes de cada estado s\u00e3o premiados. Esta \u00e9 uma forma de apreciar, apoiar e incentivar o profissional que tem o contato direto com os clientes, motivo principal para a cria\u00e7\u00e3o do festival.<\/p>\n\n\n\n<p style=\"font-size:18px\">Outro ponto a se destacar \u00e9 a interatividade com o p\u00fablico. Os clientes dos restaurantes poder\u00e3o mostrar que est\u00e3o saboreando os pratos do Brasil Sabor utilizando a hashtag #Brasilsabor2022 no Instagram. O festival espera ter v\u00e1rias postagens, vindas das mais diversas localiza\u00e7\u00f5es em todo o territ\u00f3rio brasileiro.<\/p>\n\n\n\n<p style=\"font-size:18px\">O Brasil Sabor tem patroc\u00ednio nacional da Ambev, patroc\u00ednio regional da Stella Artois e Praso, e apoio da Secretaria de Turismo de Fortaleza e For You Receptivo, com apoio educacional da Fecom\u00e9rcio\/Senac.<\/p>\n\n\n\n<p style=\"font-size:18px\"><strong>Servi\u00e7o:<\/strong><\/p>\n\n\n\n<p style=\"font-size:18px\"><strong>16\u00aa edi\u00e7\u00e3o do Brasil Sabor<\/strong><\/p>\n\n\n\n<p style=\"font-size:18px\">Realiza\u00e7\u00e3o: Abrasel<\/p>\n\n\n\n<p style=\"font-size:18px\">Patroc\u00ednio nacional: Ambev<\/p>\n\n\n\n<p style=\"font-size:18px\">Patroc\u00ednio regional: Stella Artois e Praso<\/p>\n\n\n\n<p style=\"font-size:18px\">Apoio: Secretaria de Turismo de Fortaleza e For You Receptivo&nbsp;<\/p>\n\n\n\n<p style=\"font-size:18px\">Apoio educacional: Fecom\u00e9rcio\/Senac&nbsp;<\/p>\n\n\n\n<p style=\"font-size:18px\">Mais informa\u00e7\u00f5es em: <a href=\"http:\/\/brasilsabor.com.br\" target=\"_blank\" rel=\"noreferrer noopener\">brasilsabor.com.br<\/a><\/p>\n","protected":false},"excerpt":{"rendered":"<p>Casas de Fortaleza, Eus\u00e9bio, Caucaia, Vi\u00e7osa e Tiangu\u00e1 participam da edi\u00e7\u00e3o 2022 A 16\u00aa edi\u00e7\u00e3o do Brasil Sabor, maior festival gastron\u00f4mico do planeta, se aproxima. Entre os dias 12 e 29 de maio, cerca de 900 estabelecimentos em 20 estados e no Distrito Federal, participar\u00e3o do evento culin\u00e1rio, que tem como tema &#8220;Brasil Sabor \u2013 [&hellip;]<\/p>\n","protected":false},"author":1,"featured_media":13980,"comment_status":"closed","ping_status":"open","sticky":false,"template":"","format":"standard","meta":{"footnotes":""},"categories":[18],"tags":[],"class_list":["post-13979","post","type-post","status-publish","format-standard","hentry","category-gastronomia"],"_links":{"self":[{"href":"https:\/\/cafedigitaletc.com.br\/novo-site\/wp-json\/wp\/v2\/posts\/13979","targetHints":{"allow":["GET"]}}],"collection":[{"href":"https:\/\/cafedigitaletc.com.br\/novo-site\/wp-json\/wp\/v2\/posts"}],"about":[{"href":"https:\/\/cafedigitaletc.com.br\/novo-site\/wp-json\/wp\/v2\/types\/post"}],"author":[{"embeddable":true,"href":"https:\/\/cafedigitaletc.com.br\/novo-site\/wp-json\/wp\/v2\/users\/1"}],"replies":[{"embeddable":true,"href":"https:\/\/cafedigitaletc.com.br\/novo-site\/wp-json\/wp\/v2\/comments?post=13979"}],"version-history":[{"count":0,"href":"https:\/\/cafedigitaletc.com.br\/novo-site\/wp-json\/wp\/v2\/posts\/13979\/revisions"}],"wp:featuredmedia":[{"embeddable":true,"href":"https:\/\/cafedigitaletc.com.br\/novo-site\/wp-json\/"}],"wp:attachment":[{"href":"https:\/\/cafedigitaletc.com.br\/novo-site\/wp-json\/wp\/v2\/media?parent=13979"}],"wp:term":[{"taxonomy":"category","embeddable":true,"href":"https:\/\/cafedigitaletc.com.br\/novo-site\/wp-json\/wp\/v2\/categories?post=13979"},{"taxonomy":"post_tag","embeddable":true,"href":"https:\/\/cafedigitaletc.com.br\/novo-site\/wp-json\/wp\/v2\/tags?post=13979"}],"curies":[{"name":"wp","href":"https:\/\/api.w.org\/{rel}","templated":true}]}}