{"id":13898,"date":"2022-04-29T12:29:51","date_gmt":"2022-04-29T15:29:51","guid":{"rendered":"https:\/\/cafedigitaletc.com.br\/?p=13898"},"modified":"2022-04-29T12:29:51","modified_gmt":"2022-04-29T15:29:51","slug":"iguatemi-bosque-tera-espaco-para-auxiliar-populacao-na-declaracao-do-imposto-de-renda","status":"publish","type":"post","link":"https:\/\/cafedigitaletc.com.br\/novo-site\/2022\/04\/29\/iguatemi-bosque-tera-espaco-para-auxiliar-populacao-na-declaracao-do-imposto-de-renda\/","title":{"rendered":"Iguatemi Bosque ter\u00e1 espa\u00e7o para ajudar a popula\u00e7\u00e3o na declara\u00e7\u00e3o do imposto de renda"},"content":{"rendered":"\n<p style=\"font-size:16px\">Nos dias <strong>30 de abril, 21 e 28 de maio,<\/strong> a popula\u00e7\u00e3o vai ter acesso \u00e0 consultoria para fazer a declara\u00e7\u00e3o do imposto de renda no Iguatemi Bosque. S\u00f3 no<strong> Cear\u00e1, <\/strong>mais de 700 mil pessoas devem declarar renda este ano. A Receita Federal prorrogou para o dia <strong>31 de maio<\/strong> o prazo de entrega da Declara\u00e7\u00e3o.<\/p>\n\n\n\n<p style=\"font-size:16px\">O contribuinte que n\u00e3o declarar o Imposto de Renda dentro do prazo determinado pela Receita Federal ter\u00e1 que pagar multa de, no m\u00ednimo, R$ 165,74 \u2013 caso n\u00e3o tenha imposto a pagar. Mas, caso tenha que pagar, o valor da multa come\u00e7a em 1% ao m\u00eas devido (a partir do m\u00eas de maio) e pode chegar at\u00e9 20% do valor do imposto. Al\u00e9m da multa, o CPF do contribuinte fica suspenso e isso vai impedir de ter acesso a v\u00e1rios servi\u00e7os como: financiamentos, cart\u00f5es de cr\u00e9dito, tirar o passaporte, viajar para fora do pa\u00eds, se matricular em uma institui\u00e7\u00e3o de ensino, tirar a carteira de trabalho, entre outros.<\/p>\n\n\n\n<p style=\"font-size:16px\">Para muitos, a declara\u00e7\u00e3o ainda \u00e9 um problema por conta de muitas d\u00favidas que surgem. Pensando nisso, alunos e professores do <strong>Curso de Contabilidade do Centro Universit\u00e1rio Farias Brito, <\/strong>v\u00e3o estar \u00e0 disposi\u00e7\u00e3o para consultoria em rela\u00e7\u00e3o a declara\u00e7\u00e3o. O atendimento vai ser realizado do<strong> FB Ideias<\/strong>, no <strong>Shopping Iguatemi,<\/strong> no hor\u00e1rio de 13h \u00e0s 18h.<\/p>\n\n\n\n<p style=\"font-size:16px\">Para ter acesso ao servi\u00e7o, basta fazer a doa\u00e7\u00e3o de um quilo de leite em p\u00f3 ou um quilo de alimento n\u00e3o perec\u00edvel, que ser\u00e3o doados para institui\u00e7\u00f5es carentes.<br><strong>Saiba mais:<\/strong><\/p>\n\n\n\n<p style=\"font-size:16px\">Consultoria gratuita para declara\u00e7\u00e3o do imposto de renda<\/p>\n\n\n\n<p style=\"font-size:16px\">Local: FB Ideais Iguatemi Bosque <\/p>\n\n\n\n<p style=\"font-size:16px\">Dias: 30 de abril, 21 e 28 de maio<\/p>\n\n\n\n<p style=\"font-size:16px\">Hor\u00e1rio: 13h \u00e0s 18h<\/p>\n","protected":false},"excerpt":{"rendered":"<p>Nos dias 30 de abril, 21 e 28 de maio, a popula\u00e7\u00e3o vai ter acesso \u00e0 consultoria para fazer a declara\u00e7\u00e3o do imposto de renda no Iguatemi Bosque. S\u00f3 no Cear\u00e1, mais de 700 mil pessoas devem declarar renda este ano. A Receita Federal prorrogou para o dia 31 de maio o prazo de entrega [&hellip;]<\/p>\n","protected":false},"author":1,"featured_media":13899,"comment_status":"closed","ping_status":"open","sticky":false,"template":"","format":"standard","meta":{"footnotes":""},"categories":[10,11],"tags":[],"class_list":["post-13898","post","type-post","status-publish","format-standard","hentry","category-destaque","category-economia"],"_links":{"self":[{"href":"https:\/\/cafedigitaletc.com.br\/novo-site\/wp-json\/wp\/v2\/posts\/13898","targetHints":{"allow":["GET"]}}],"collection":[{"href":"https:\/\/cafedigitaletc.com.br\/novo-site\/wp-json\/wp\/v2\/posts"}],"about":[{"href":"https:\/\/cafedigitaletc.com.br\/novo-site\/wp-json\/wp\/v2\/types\/post"}],"author":[{"embeddable":true,"href":"https:\/\/cafedigitaletc.com.br\/novo-site\/wp-json\/wp\/v2\/users\/1"}],"replies":[{"embeddable":true,"href":"https:\/\/cafedigitaletc.com.br\/novo-site\/wp-json\/wp\/v2\/comments?post=13898"}],"version-history":[{"count":0,"href":"https:\/\/cafedigitaletc.com.br\/novo-site\/wp-json\/wp\/v2\/posts\/13898\/revisions"}],"wp:featuredmedia":[{"embeddable":true,"href":"https:\/\/cafedigitaletc.com.br\/novo-site\/wp-json\/"}],"wp:attachment":[{"href":"https:\/\/cafedigitaletc.com.br\/novo-site\/wp-json\/wp\/v2\/media?parent=13898"}],"wp:term":[{"taxonomy":"category","embeddable":true,"href":"https:\/\/cafedigitaletc.com.br\/novo-site\/wp-json\/wp\/v2\/categories?post=13898"},{"taxonomy":"post_tag","embeddable":true,"href":"https:\/\/cafedigitaletc.com.br\/novo-site\/wp-json\/wp\/v2\/tags?post=13898"}],"curies":[{"name":"wp","href":"https:\/\/api.w.org\/{rel}","templated":true}]}}