{"id":13893,"date":"2022-04-29T11:40:08","date_gmt":"2022-04-29T14:40:08","guid":{"rendered":"https:\/\/cafedigitaletc.com.br\/?p=13893"},"modified":"2022-04-29T11:40:08","modified_gmt":"2022-04-29T14:40:08","slug":"giro-na-cidade-confira-o-funcionamento-no-feriado-do-dia-do-trabalhador","status":"publish","type":"post","link":"https:\/\/cafedigitaletc.com.br\/novo-site\/2022\/04\/29\/giro-na-cidade-confira-o-funcionamento-no-feriado-do-dia-do-trabalhador\/","title":{"rendered":"Giro na cidade: confira o funcionamento dos shoppings no feriado do Dia do Trabalhador"},"content":{"rendered":"\n<p style=\"font-size:17px\">O Dia do Trabalhador \u00e9 celebrado no dia 1\u00ba de maio, pr\u00f3ximo domingo. Por conta disso, os shoppings centers anunciaram que lojas e quiosques ter\u00e3o funcionamento alterado. <\/p>\n\n\n\n<p style=\"font-size:17px\">Confira:<\/p>\n\n\n\n<p style=\"font-size:17px\"><strong>Iguatemi Bosque<\/strong>:<\/p>\n\n\n\n<p style=\"font-size:17px\">Apenas as opera\u00e7\u00f5es de alimenta\u00e7\u00e3o e lazer, al\u00e9m de supermercados <em>(mais detalhes abaixo)<\/em> funcionar\u00e3o, com alguns restaurantes estendendo o atendimento at\u00e9 \u00e0s 23h. O cinema segue o fluxo de atendimento, com sess\u00f5es a partir das 13h.&nbsp;<\/p>\n\n\n\n<p style=\"font-size:17px\">Al\u00e9m das lojas, outros servi\u00e7os que tamb\u00e9m permanecer\u00e3o fechados no domingo s\u00e3o a Lot\u00e9rica, Detran, Pol\u00edcia Federal, Correios, Casa do Cidad\u00e3o, Immune, Cobasi e CLDO.<\/p>\n\n\n\n<p style=\"font-size:17px\"><strong>Shopping Benfica:<\/strong><\/p>\n\n\n\n<p style=\"font-size:17px\"><strong>Lojas, Box e Quiosques:&nbsp;<\/strong>fechados<\/p>\n\n\n\n<p style=\"font-size:17px\"><strong>Pra\u00e7a de alimenta\u00e7\u00e3o:&nbsp;<\/strong>10h \u00e0s 22h<\/p>\n\n\n\n<p style=\"font-size:17px\"><strong>Casa do Cidad\u00e3o:&nbsp;<\/strong>fechado<\/p>\n\n\n\n<p style=\"font-size:17px\"><strong>TJCE:<\/strong>&nbsp;fechado<\/p>\n\n\n\n<p style=\"font-size:17px\"><strong>Mercadinho S\u00e3o Luiz:&nbsp;<\/strong>07h \u00e0s 21h<\/p>\n\n\n\n<p style=\"font-size:17px\"><strong>Lot\u00e9rica:<\/strong>&nbsp;fechado<\/p>\n\n\n\n<p style=\"font-size:17px\"><strong>Caixa Econ\u00f4mica:<\/strong>&nbsp;fechado<\/p>\n\n\n\n<p style=\"font-size:17px\"><strong>Santander:<\/strong>&nbsp;fechado<\/p>\n\n\n\n<p style=\"font-size:17px\"><strong>Prevtop:<\/strong>&nbsp;fechado<\/p>\n\n\n\n<p style=\"font-size:17px\"><strong>Cinemas Benfica:<\/strong>&nbsp;12h30 \u00e0s 20h15<\/p>\n\n\n\n<p style=\"font-size:17px\"><strong>Rede Ancar Cear\u00e1:<\/strong><\/p>\n\n\n\n<p style=\"font-size:17px\">Os shopping centers do Grupo Ancar no Cear\u00e1 &#8211; <strong>North Shopping Fortaleza, North Shopping J\u00f3quei, North Shopping Maracana\u00fa e Via Sul Shopping <\/strong>&#8211; estar\u00e3o com as lojas e os quiosques fechados neste Dia do Trabalhador (1\u00ba de maio).<\/p>\n\n\n\n<p style=\"font-size:17px\">Nos quatro shoppings, est\u00e3o abertas apenas as respectivas pra\u00e7as de alimenta\u00e7\u00e3o, das 11h \u00e0s 22h. O hor\u00e1rio das salas de cinema \u00e9 de acordo com a programa\u00e7\u00e3o.&nbsp;<\/p>\n","protected":false},"excerpt":{"rendered":"<p>O Dia do Trabalhador \u00e9 celebrado no dia 1\u00ba de maio, pr\u00f3ximo domingo. Por conta disso, os shoppings centers anunciaram que lojas e quiosques ter\u00e3o funcionamento alterado. Confira: Iguatemi Bosque: Apenas as opera\u00e7\u00f5es de alimenta\u00e7\u00e3o e lazer, al\u00e9m de supermercados (mais detalhes abaixo) funcionar\u00e3o, com alguns restaurantes estendendo o atendimento at\u00e9 \u00e0s 23h. O cinema [&hellip;]<\/p>\n","protected":false},"author":1,"featured_media":13736,"comment_status":"closed","ping_status":"open","sticky":false,"template":"","format":"standard","meta":{"footnotes":""},"categories":[10,11],"tags":[],"class_list":["post-13893","post","type-post","status-publish","format-standard","hentry","category-destaque","category-economia"],"_links":{"self":[{"href":"https:\/\/cafedigitaletc.com.br\/novo-site\/wp-json\/wp\/v2\/posts\/13893","targetHints":{"allow":["GET"]}}],"collection":[{"href":"https:\/\/cafedigitaletc.com.br\/novo-site\/wp-json\/wp\/v2\/posts"}],"about":[{"href":"https:\/\/cafedigitaletc.com.br\/novo-site\/wp-json\/wp\/v2\/types\/post"}],"author":[{"embeddable":true,"href":"https:\/\/cafedigitaletc.com.br\/novo-site\/wp-json\/wp\/v2\/users\/1"}],"replies":[{"embeddable":true,"href":"https:\/\/cafedigitaletc.com.br\/novo-site\/wp-json\/wp\/v2\/comments?post=13893"}],"version-history":[{"count":0,"href":"https:\/\/cafedigitaletc.com.br\/novo-site\/wp-json\/wp\/v2\/posts\/13893\/revisions"}],"wp:featuredmedia":[{"embeddable":true,"href":"https:\/\/cafedigitaletc.com.br\/novo-site\/wp-json\/"}],"wp:attachment":[{"href":"https:\/\/cafedigitaletc.com.br\/novo-site\/wp-json\/wp\/v2\/media?parent=13893"}],"wp:term":[{"taxonomy":"category","embeddable":true,"href":"https:\/\/cafedigitaletc.com.br\/novo-site\/wp-json\/wp\/v2\/categories?post=13893"},{"taxonomy":"post_tag","embeddable":true,"href":"https:\/\/cafedigitaletc.com.br\/novo-site\/wp-json\/wp\/v2\/tags?post=13893"}],"curies":[{"name":"wp","href":"https:\/\/api.w.org\/{rel}","templated":true}]}}