{"id":13877,"date":"2022-04-28T09:41:40","date_gmt":"2022-04-28T12:41:40","guid":{"rendered":"https:\/\/cafedigitaletc.com.br\/?p=13877"},"modified":"2022-04-28T09:41:40","modified_gmt":"2022-04-28T12:41:40","slug":"tech-cearaprev-lanca-novas-funcionalidades-na-plataforma-on-line-nesta-sexta-29","status":"publish","type":"post","link":"https:\/\/cafedigitaletc.com.br\/novo-site\/2022\/04\/28\/tech-cearaprev-lanca-novas-funcionalidades-na-plataforma-on-line-nesta-sexta-29\/","title":{"rendered":"Tech: Cearaprev lan\u00e7a novas funcionalidades na plataforma on-line nesta sexta (29)"},"content":{"rendered":"\n<p><em>Iniciativa da Funda\u00e7\u00e3o de Previd\u00eancia Social do Estado do Cear\u00e1 (Cearaprev) j\u00e1 atendeu a mais de 139 mil benefici\u00e1rios que apresentam um potencial de consumo aproximado de R$20 bilh\u00f5es em valores de 2022.<\/em><\/p>\n\n\n\n<p>A <strong>Funda\u00e7\u00e3o de Previd\u00eancia Social do Estado do Cear\u00e1<\/strong> <em>(Cearaprev)<\/em>, realiza, nesta pr\u00f3xima sexta-feira (29), o lan\u00e7amento de novas funcionalidades do aplicativo que possibilita realizar diversos servi\u00e7os previdenci\u00e1rios \u00e0 dist\u00e2ncia. O evento contar\u00e1 com a presen\u00e7a da governadora do Estado, <em>Izolda Cela <\/em>(PDT-CE) e apresenta\u00e7\u00e3o do cearense Br\u00e1ulio Bessa.\u00a0<\/p>\n\n\n\n<p>Desenvolvido em parceria com a Empresa P\u00fablica de Tecnologia da Informa\u00e7\u00e3o do Cear\u00e1 (Etice),a ferramenta permite que servidores p\u00fablicos estaduais realizem, de forma on-line, pedidos relacionados \u00e0 previd\u00eancia, como aposentadoria, reserva e reforma, pens\u00e3o provis\u00f3ria cujo tempo de concess\u00e3o ser\u00e1 reduzido de dois anos para 15 dias, educa\u00e7\u00e3o e orienta\u00e7\u00e3o financeira, lojas on-line, servi\u00e7os em sa\u00fade, etc.<\/p>\n\n\n\n<p>Para o presidente da Cearaprev, Jo\u00e3o Marcos Maia, o \u00eaxito na cria\u00e7\u00e3o e execu\u00e7\u00e3o do aplicativo traz \u00e0 tona a necessidade de moderniza\u00e7\u00e3o da administra\u00e7\u00e3o p\u00fablica. &#8220;Apesar da j\u00e1 prevista adapta\u00e7\u00e3o inicial, os cearenses t\u00eam aceitado bem a plataforma. Conseguimos, no ano de 2021, alcan\u00e7ar cerca de 97% do total de servidores aptos para o recadastramento e a prova de vida entre ativos, aposentados, reformados, reserva remunerada e at\u00e9 pensionistas que moram em outras unidades da federa\u00e7\u00e3o e no exterior, sem precisar se deslocar. Isso mostra que a tecnologia cumpre um papel importante no poder p\u00fablico, ainda muito marcado pela burocratiza\u00e7\u00e3o e inseguran\u00e7a na hora de prestar servi\u00e7os ao cidad\u00e3o&#8221;, ressalta.<\/p>\n\n\n\n<p>Segundo relat\u00f3rio do Governo do Estado, somente em 2021, a plataforma somou mais de 180 mil downloads e permitiu que mais de 139 mil funcion\u00e1rios p\u00fablicos realizassem o recadastramento e prova de vida em domic\u00edlio. A participa\u00e7\u00e3o expressiva dos benefici\u00e1rios gerou uma massa de potencial de consumo equivalente a R$ 20 bilh\u00f5es, que ser\u00e3o injetados no PIB de 2022. Al\u00e9m disso, o aplicativo reduziu os gastos anuais da Cearaprev em aproximadamente R$ 70 milh\u00f5es e gerou um spread \u2013 agora aplicado em tecnologias para melhoria das tecnologias da Funda\u00e7\u00e3o, atrav\u00e9s do Fundo para Moderniza\u00e7\u00e3o da Gest\u00e3o e Sustentabilidade da Previd\u00eancia Social (Fungesprev), conforme a lei complementar 227, de dezembro de 2020.<\/p>\n\n\n\n<p><strong>Como usar?<\/strong><\/p>\n\n\n\n<p>O aplicativo da <strong>Cearaprev<\/strong> est\u00e1 dispon\u00edvel nas lojas de aplicativos do sistema <em>Android e iOS.<\/em> Para baixar, \u00e9 necess\u00e1rio realizar o cadastro pr\u00e9vio na <strong>Play Store<\/strong> ou <strong>App Store<\/strong> e ter sistemas compat\u00edveis para download.<\/p>\n\n\n\n<p>O aplicativo conta com tecnologia de reconhecimento facial para maior seguran\u00e7a do benefici\u00e1rio. Todas as etapas de preenchimento de dados pessoais s\u00e3o sigilosas e compat\u00edveis com pol\u00edticas de seguran\u00e7a cibern\u00e9ticas vigentes. As ferramentas disponibilizadas est\u00e3o em constante atualiza\u00e7\u00e3o para atender \u00e0s necessidades dos usu\u00e1rios. A institui\u00e7\u00e3o prev\u00ea a implanta\u00e7\u00e3o de todas as novas fun\u00e7\u00f5es ao longo deste ano, como servi\u00e7os em sa\u00fade, lojas online, aposentadoria, reserva, reforma e pens\u00e3o por morte e outras, conforme as demandas dos servidores.<\/p>\n\n\n\n<p><\/p>\n","protected":false},"excerpt":{"rendered":"<p>Iniciativa da Funda\u00e7\u00e3o de Previd\u00eancia Social do Estado do Cear\u00e1 (Cearaprev) j\u00e1 atendeu a mais de 139 mil benefici\u00e1rios que apresentam um potencial de consumo aproximado de R$20 bilh\u00f5es em valores de 2022. A Funda\u00e7\u00e3o de Previd\u00eancia Social do Estado do Cear\u00e1 (Cearaprev), realiza, nesta pr\u00f3xima sexta-feira (29), o lan\u00e7amento de novas funcionalidades do aplicativo [&hellip;]<\/p>\n","protected":false},"author":1,"featured_media":13878,"comment_status":"closed","ping_status":"open","sticky":false,"template":"","format":"standard","meta":{"footnotes":""},"categories":[11],"tags":[],"class_list":["post-13877","post","type-post","status-publish","format-standard","hentry","category-economia"],"_links":{"self":[{"href":"https:\/\/cafedigitaletc.com.br\/novo-site\/wp-json\/wp\/v2\/posts\/13877","targetHints":{"allow":["GET"]}}],"collection":[{"href":"https:\/\/cafedigitaletc.com.br\/novo-site\/wp-json\/wp\/v2\/posts"}],"about":[{"href":"https:\/\/cafedigitaletc.com.br\/novo-site\/wp-json\/wp\/v2\/types\/post"}],"author":[{"embeddable":true,"href":"https:\/\/cafedigitaletc.com.br\/novo-site\/wp-json\/wp\/v2\/users\/1"}],"replies":[{"embeddable":true,"href":"https:\/\/cafedigitaletc.com.br\/novo-site\/wp-json\/wp\/v2\/comments?post=13877"}],"version-history":[{"count":0,"href":"https:\/\/cafedigitaletc.com.br\/novo-site\/wp-json\/wp\/v2\/posts\/13877\/revisions"}],"wp:featuredmedia":[{"embeddable":true,"href":"https:\/\/cafedigitaletc.com.br\/novo-site\/wp-json\/"}],"wp:attachment":[{"href":"https:\/\/cafedigitaletc.com.br\/novo-site\/wp-json\/wp\/v2\/media?parent=13877"}],"wp:term":[{"taxonomy":"category","embeddable":true,"href":"https:\/\/cafedigitaletc.com.br\/novo-site\/wp-json\/wp\/v2\/categories?post=13877"},{"taxonomy":"post_tag","embeddable":true,"href":"https:\/\/cafedigitaletc.com.br\/novo-site\/wp-json\/wp\/v2\/tags?post=13877"}],"curies":[{"name":"wp","href":"https:\/\/api.w.org\/{rel}","templated":true}]}}