{"id":13750,"date":"2022-04-19T08:03:10","date_gmt":"2022-04-19T11:03:10","guid":{"rendered":"https:\/\/cafedigitaletc.com.br\/?p=13750"},"modified":"2022-04-19T08:03:10","modified_gmt":"2022-04-19T11:03:10","slug":"unisf-lanca-novo-hub-de-educacao-no-ceara","status":"publish","type":"post","link":"https:\/\/cafedigitaletc.com.br\/novo-site\/2022\/04\/19\/unisf-lanca-novo-hub-de-educacao-no-ceara\/","title":{"rendered":"<strong>UNISF lan\u00e7a novo hub de educa\u00e7\u00e3o no Cear\u00e1<\/strong>"},"content":{"rendered":"\n<p class=\"has-drop-cap\" style=\"font-size:16px\">Com o objetivo de agregar conhecimento profissional para pessoas de todas as idades, a Universidade Sem Fronteiras, pioneira na educa\u00e7\u00e3o gerontol\u00f3gica do Brasil, lan\u00e7a novidades e se torna o mais novo hub de educa\u00e7\u00e3o no Cear\u00e1. A partir do m\u00eas de maio, o p\u00fablico poder\u00e1 ter acesso \u00e0 sede nos hor\u00e1rios noturnos, com cursos profissionalizantes em seu calend\u00e1rio.<\/p>\n\n\n\n<p style=\"font-size:16px\">O primeiro curso oferecido junto com o grupo MM Invest (@mminvest_) ser\u00e1 de Forma\u00e7\u00e3o em Analista Financeiro, e ter\u00e1 turmas nos dias 28\/05, 04\/06 e 18\/06, as aulas ser\u00e3o ministradas pelo professor e especialista em finan\u00e7as, M\u00e1rcio Moreira (prof_marcio_moreira). As inscri\u00e7\u00f5es e informa\u00e7\u00f5es sobre valores j\u00e1 est\u00e3o dispon\u00edveis atrav\u00e9s do n\u00famero (85) 98776-0641.<\/p>\n\n\n\n<p style=\"font-size:16px\">Para Izabel Cavalcante, diretora da Universidade Sem Fronteiras, o hub marca a conex\u00e3o entre as gera\u00e7\u00f5es e as diversas possibilidades no aprendizado. &#8220;Trazer esse hub para o Cear\u00e1 refor\u00e7a a nossa miss\u00e3o de apresentar para as gera\u00e7\u00f5es que o conhecimento n\u00e3o tem idade certa. Com as novas aulas, iremos ampliar as possibilidades do nosso ensino e trazer para os alunos veteranos e novatos, os cursos que est\u00e3o em alta no mercado&#8221;, destaca.<\/p>\n\n\n\n<p style=\"font-size:16px\"><strong>Servi\u00e7o: Novo Hub de Educa\u00e7\u00e3o UNISF<\/strong><\/p>\n\n\n\n<p style=\"font-size:16px\">Curso de Forma\u00e7\u00e3o em Analistas Financeiro&nbsp;<\/p>\n\n\n\n<p style=\"font-size:16px\">Datas: 28\/05, 06\/06 e 18\/06<\/p>\n\n\n\n<p style=\"font-size:16px\">Local: UNISF &#8211; R. Nunes Valente, 919 &#8211; Aldeota<\/p>\n\n\n\n<p style=\"font-size:16px\">Inscri\u00e7\u00e3o e investimento: (85) 98776-0641.<\/p>\n","protected":false},"excerpt":{"rendered":"<p>Com o objetivo de agregar conhecimento profissional para pessoas de todas as idades, a Universidade Sem Fronteiras, pioneira na educa\u00e7\u00e3o gerontol\u00f3gica do Brasil, lan\u00e7a novidades e se torna o mais novo hub de educa\u00e7\u00e3o no Cear\u00e1. A partir do m\u00eas de maio, o p\u00fablico poder\u00e1 ter acesso \u00e0 sede nos hor\u00e1rios noturnos, com cursos profissionalizantes [&hellip;]<\/p>\n","protected":false},"author":1,"featured_media":13751,"comment_status":"closed","ping_status":"open","sticky":false,"template":"","format":"standard","meta":{"footnotes":""},"categories":[13],"tags":[],"class_list":["post-13750","post","type-post","status-publish","format-standard","hentry","category-variedades"],"_links":{"self":[{"href":"https:\/\/cafedigitaletc.com.br\/novo-site\/wp-json\/wp\/v2\/posts\/13750","targetHints":{"allow":["GET"]}}],"collection":[{"href":"https:\/\/cafedigitaletc.com.br\/novo-site\/wp-json\/wp\/v2\/posts"}],"about":[{"href":"https:\/\/cafedigitaletc.com.br\/novo-site\/wp-json\/wp\/v2\/types\/post"}],"author":[{"embeddable":true,"href":"https:\/\/cafedigitaletc.com.br\/novo-site\/wp-json\/wp\/v2\/users\/1"}],"replies":[{"embeddable":true,"href":"https:\/\/cafedigitaletc.com.br\/novo-site\/wp-json\/wp\/v2\/comments?post=13750"}],"version-history":[{"count":0,"href":"https:\/\/cafedigitaletc.com.br\/novo-site\/wp-json\/wp\/v2\/posts\/13750\/revisions"}],"wp:featuredmedia":[{"embeddable":true,"href":"https:\/\/cafedigitaletc.com.br\/novo-site\/wp-json\/"}],"wp:attachment":[{"href":"https:\/\/cafedigitaletc.com.br\/novo-site\/wp-json\/wp\/v2\/media?parent=13750"}],"wp:term":[{"taxonomy":"category","embeddable":true,"href":"https:\/\/cafedigitaletc.com.br\/novo-site\/wp-json\/wp\/v2\/categories?post=13750"},{"taxonomy":"post_tag","embeddable":true,"href":"https:\/\/cafedigitaletc.com.br\/novo-site\/wp-json\/wp\/v2\/tags?post=13750"}],"curies":[{"name":"wp","href":"https:\/\/api.w.org\/{rel}","templated":true}]}}