{"id":13694,"date":"2022-04-13T19:08:41","date_gmt":"2022-04-13T22:08:41","guid":{"rendered":"https:\/\/cafedigitaletc.com.br\/?p=13694"},"modified":"2022-04-13T19:08:41","modified_gmt":"2022-04-13T22:08:41","slug":"13694-2","status":"publish","type":"post","link":"https:\/\/cafedigitaletc.com.br\/novo-site\/2022\/04\/13\/13694-2\/","title":{"rendered":"Orgulho cearense: bailarino viaja para interc\u00e2mbio em dan\u00e7a na Su\u00ed\u00e7a"},"content":{"rendered":"\n<p style=\"font-size:18px\">O jovem bailarino, <strong>Luan Rodrigues<\/strong>, 25 anos, do Conservat\u00f3rio Cearense de Dan\u00e7a, projeto do Instituto Compartilha, viajou na \u00faltima sexta-feira (08) para a Su\u00ed\u00e7a onde vai participar do Programa de Interc\u00e2mbio Exchange Dance Program Brasil\/Su\u00ed\u00e7a 2022.<\/p>\n\n\n\n<p style=\"font-size:18px\">Ser\u00e3o 3 meses de imers\u00e3o na escola Su\u00ed\u00e7a, com aulas de ballet cl\u00e1ssico, dan\u00e7a moderna, contempor\u00e2nea, composi\u00e7\u00f5es coreogr\u00e1ficas e ensaios. O jovem cearense ter\u00e1 a oportunidade de aperfei\u00e7oar sua t\u00e9cnica na dan\u00e7a cl\u00e1ssica, aprender outra l\u00edngua e a possibilidade de seu talento ser notado por escolas de ballet internacionais. Ao final do interc\u00e2mbio \u00e9 realizado um espet\u00e1culo com todos os bailarinos participantes do programa, em que apresentam as composi\u00e7\u00f5es coreogr\u00e1ficas aprendidas durante todo o per\u00edodo de estudos.<\/p>\n\n\n\n<p style=\"font-size:18px\">O Instituto Compartilha, apoia e mant\u00e9m o Conservat\u00f3rio Cearense de Dan\u00e7a com um projeto intitulado &#8220;Jovem Aprendiz Bailarino&#8221;, em que emprega os jovens que participam do Conservat\u00f3rio ofertando uma bolsa aux\u00edlio para que eles sigam com as aulas de dan\u00e7a e oferece capacita\u00e7\u00e3o profissional na \u00e1rea administrativa. Al\u00e9m disso, d\u00e1 todo o suporte financeiro aos jovens que s\u00e3o selecionados para estudar em escolas internacionais, como o Luan.<\/p>\n\n\n\n<p style=\"font-size:18px\"><strong>O Programa de Interc\u00e2mbio Exchange Dance Programa Brasil\/Su\u00ed\u00e7a<\/strong><\/p>\n\n\n\n<p style=\"font-size:18px\">\u00c9 uma atividade da Escola Marcelos Move Dance School, da Su\u00ed\u00e7a, fundada pelo diretor e core\u00f3grafo Marcelo Pereira, em que oferece a oportunidade de bailarinos (as) aperfei\u00e7oarem suas t\u00e9cnicas na dan\u00e7a cl\u00e1ssica e v\u00e1rios outros estilos, ampliando seus conhecimentos com aulas e trabalhos coreogr\u00e1ficos, e viv\u00eancias com bailarinos de outros pa\u00edses.<\/p>\n","protected":false},"excerpt":{"rendered":"<p>O jovem bailarino, Luan Rodrigues, 25 anos, do Conservat\u00f3rio Cearense de Dan\u00e7a, projeto do Instituto Compartilha, viajou na \u00faltima sexta-feira (08) para a Su\u00ed\u00e7a onde vai participar do Programa de Interc\u00e2mbio Exchange Dance Program Brasil\/Su\u00ed\u00e7a 2022. Ser\u00e3o 3 meses de imers\u00e3o na escola Su\u00ed\u00e7a, com aulas de ballet cl\u00e1ssico, dan\u00e7a moderna, contempor\u00e2nea, composi\u00e7\u00f5es coreogr\u00e1ficas e [&hellip;]<\/p>\n","protected":false},"author":1,"featured_media":13695,"comment_status":"closed","ping_status":"open","sticky":false,"template":"","format":"standard","meta":{"footnotes":""},"categories":[13],"tags":[],"class_list":["post-13694","post","type-post","status-publish","format-standard","hentry","category-variedades"],"_links":{"self":[{"href":"https:\/\/cafedigitaletc.com.br\/novo-site\/wp-json\/wp\/v2\/posts\/13694","targetHints":{"allow":["GET"]}}],"collection":[{"href":"https:\/\/cafedigitaletc.com.br\/novo-site\/wp-json\/wp\/v2\/posts"}],"about":[{"href":"https:\/\/cafedigitaletc.com.br\/novo-site\/wp-json\/wp\/v2\/types\/post"}],"author":[{"embeddable":true,"href":"https:\/\/cafedigitaletc.com.br\/novo-site\/wp-json\/wp\/v2\/users\/1"}],"replies":[{"embeddable":true,"href":"https:\/\/cafedigitaletc.com.br\/novo-site\/wp-json\/wp\/v2\/comments?post=13694"}],"version-history":[{"count":0,"href":"https:\/\/cafedigitaletc.com.br\/novo-site\/wp-json\/wp\/v2\/posts\/13694\/revisions"}],"wp:featuredmedia":[{"embeddable":true,"href":"https:\/\/cafedigitaletc.com.br\/novo-site\/wp-json\/"}],"wp:attachment":[{"href":"https:\/\/cafedigitaletc.com.br\/novo-site\/wp-json\/wp\/v2\/media?parent=13694"}],"wp:term":[{"taxonomy":"category","embeddable":true,"href":"https:\/\/cafedigitaletc.com.br\/novo-site\/wp-json\/wp\/v2\/categories?post=13694"},{"taxonomy":"post_tag","embeddable":true,"href":"https:\/\/cafedigitaletc.com.br\/novo-site\/wp-json\/wp\/v2\/tags?post=13694"}],"curies":[{"name":"wp","href":"https:\/\/api.w.org\/{rel}","templated":true}]}}