{"id":13665,"date":"2022-04-12T10:38:21","date_gmt":"2022-04-12T13:38:21","guid":{"rendered":"https:\/\/cafedigitaletc.com.br\/?p=13665"},"modified":"2022-04-12T10:38:21","modified_gmt":"2022-04-12T13:38:21","slug":"13665-2","status":"publish","type":"post","link":"https:\/\/cafedigitaletc.com.br\/novo-site\/2022\/04\/12\/13665-2\/","title":{"rendered":"Bet\u00e2nia lan\u00e7a Requeij\u00e3o em embalagem econ\u00f4mica para toda a fam\u00edlia"},"content":{"rendered":"\n<p style=\"font-size:18px\"><em>L\u00edder de vendas da embalagem regular no Nordeste, marca passa a oferecer produto em embalagem com<\/em> <em>400g<\/em><\/p>\n\n\n\n<p style=\"font-size:18px\">Bet\u00e2nia L\u00e1cteos est\u00e1 com mais uma novidade no portf\u00f3lio! Este m\u00eas, a marca lan\u00e7a seu Requeij\u00e3o Tradicional em uma embalagem econ\u00f4mica com 400g, refor\u00e7ando seu compromisso de pensar em solu\u00e7\u00f5es que ofere\u00e7am praticidade e qualidade para as fam\u00edlias nordestinas.<\/p>\n\n\n\n<p style=\"font-size:18px\">O Requeij\u00e3o Bet\u00e2nia chega \u00e0s prateleiras com todo o sabor e cremosidade que os consumidores j\u00e1 conhecem, agora em tamanho fam\u00edlia, reafirmando o posicionamento da marca em oferecer as melhores op\u00e7\u00f5es para o dia a dia das fam\u00edlias. Perfeito para fazer lanches e refei\u00e7\u00f5es saborosas para um maior n\u00famero de pessoas, em qualquer hor\u00e1rio do dia, o Requeij\u00e3o Bet\u00e2nia \u00e9 produzido com leite de origem 100% local, livre de gordura vegetal e de amido.<\/p>\n\n\n\n<p style=\"font-size:18px\">&#8220;Com essa nova embalagem, levamos todo o sabor e cremosidade do nosso requeij\u00e3o, que j\u00e1 \u00e9 campe\u00e3o de vendas no Nordeste, e conseguimos atender melhor todos os tamanhos de fam\u00edlia do Nordeste de forma pr\u00e1tica e econ\u00f4mica&#8221;, comenta Cynthia Serretti, diretora de Marketing da Bet\u00e2nia.<\/p>\n\n\n\n<p style=\"font-size:18px\">Para divulga\u00e7\u00e3o do Requeij\u00e3o Bet\u00e2nia na embalagem econ\u00f4mica de 400g, a marca preparou uma campanha digital nas redes sociais&nbsp;<a href=\"https:\/\/www.instagram.com\/betanialacteos\/\" target=\"_blank\" rel=\"noreferrer noopener\">@betanialacteos<\/a>&nbsp;e ativa\u00e7\u00e3o nos pontos de venda.<\/p>\n","protected":false},"excerpt":{"rendered":"<p>L\u00edder de vendas da embalagem regular no Nordeste, marca passa a oferecer produto em embalagem com 400g Bet\u00e2nia L\u00e1cteos est\u00e1 com mais uma novidade no portf\u00f3lio! Este m\u00eas, a marca lan\u00e7a seu Requeij\u00e3o Tradicional em uma embalagem econ\u00f4mica com 400g, refor\u00e7ando seu compromisso de pensar em solu\u00e7\u00f5es que ofere\u00e7am praticidade e qualidade para as fam\u00edlias [&hellip;]<\/p>\n","protected":false},"author":1,"featured_media":13666,"comment_status":"closed","ping_status":"open","sticky":false,"template":"","format":"standard","meta":{"footnotes":""},"categories":[15],"tags":[],"class_list":["post-13665","post","type-post","status-publish","format-standard","hentry","category-marketing"],"_links":{"self":[{"href":"https:\/\/cafedigitaletc.com.br\/novo-site\/wp-json\/wp\/v2\/posts\/13665","targetHints":{"allow":["GET"]}}],"collection":[{"href":"https:\/\/cafedigitaletc.com.br\/novo-site\/wp-json\/wp\/v2\/posts"}],"about":[{"href":"https:\/\/cafedigitaletc.com.br\/novo-site\/wp-json\/wp\/v2\/types\/post"}],"author":[{"embeddable":true,"href":"https:\/\/cafedigitaletc.com.br\/novo-site\/wp-json\/wp\/v2\/users\/1"}],"replies":[{"embeddable":true,"href":"https:\/\/cafedigitaletc.com.br\/novo-site\/wp-json\/wp\/v2\/comments?post=13665"}],"version-history":[{"count":0,"href":"https:\/\/cafedigitaletc.com.br\/novo-site\/wp-json\/wp\/v2\/posts\/13665\/revisions"}],"wp:featuredmedia":[{"embeddable":true,"href":"https:\/\/cafedigitaletc.com.br\/novo-site\/wp-json\/"}],"wp:attachment":[{"href":"https:\/\/cafedigitaletc.com.br\/novo-site\/wp-json\/wp\/v2\/media?parent=13665"}],"wp:term":[{"taxonomy":"category","embeddable":true,"href":"https:\/\/cafedigitaletc.com.br\/novo-site\/wp-json\/wp\/v2\/categories?post=13665"},{"taxonomy":"post_tag","embeddable":true,"href":"https:\/\/cafedigitaletc.com.br\/novo-site\/wp-json\/wp\/v2\/tags?post=13665"}],"curies":[{"name":"wp","href":"https:\/\/api.w.org\/{rel}","templated":true}]}}