{"id":13604,"date":"2022-04-08T16:30:00","date_gmt":"2022-04-08T19:30:00","guid":{"rendered":"https:\/\/cafedigitaletc.com.br\/?p=13604"},"modified":"2022-04-08T16:30:00","modified_gmt":"2022-04-08T19:30:00","slug":"para-estimular-adocao-de-caes-e-gatos-via-sul-shopping-e-ong-abrace-promovem-evento-neste-sabado","status":"publish","type":"post","link":"https:\/\/cafedigitaletc.com.br\/novo-site\/2022\/04\/08\/para-estimular-adocao-de-caes-e-gatos-via-sul-shopping-e-ong-abrace-promovem-evento-neste-sabado\/","title":{"rendered":"Para estimular ado\u00e7\u00e3o de c\u00e3es e gatos, Via Sul Shopping e ONG Abrace promovem evento neste s\u00e1bado"},"content":{"rendered":"\n<p style=\"font-size:18px\"><em>A feira de ado\u00e7\u00e3o ocorre das 14 \u00e0s 17h, na Pra\u00e7a de Eventos do Segundo Piso<\/em><\/p>\n\n\n\n<p style=\"font-size:18px\">Neste s\u00e1bado (09), o Via Sul promove, em parceria com a ONG Abrace, evento para estimular a ado\u00e7\u00e3o de c\u00e3es e gatos e tamb\u00e9m para a venda de produtos pet desenvolvidos pela institui\u00e7\u00e3o. A a\u00e7\u00e3o vai acontecer das 14 \u00e0s 17h, no piso 2, na Pra\u00e7a de Eventos.&nbsp;<\/p>\n\n\n\n<p style=\"font-size:18px\">Para adotar algum um dos bichinhos, o candidato a pai ou m\u00e3e de pet precisa ser maior de 21 anos e se submeter a uma entrevista realizada no local, mediante apresenta\u00e7\u00e3o de RG, CPF e comprovante de resid\u00eancia. Ap\u00f3s aprova\u00e7\u00e3o na entrevista, \u00e9 necess\u00e1rio comprovar domic\u00edlio em Fortaleza ou Eus\u00e9bio, rendimentos capazes de suprir as necessidades do animal e concordar com os crit\u00e9rios estabelecidos pela institui\u00e7\u00e3o e aceitar os termos do documento de ado\u00e7\u00e3o.<\/p>\n\n\n\n<p style=\"font-size:18px\"><strong>SERVI\u00c7O&nbsp;<\/strong><\/p>\n\n\n\n<p style=\"font-size:18px\">Feira de Ado\u00e7\u00e3o de Animais Via Sul Shopping<\/p>\n\n\n\n<p style=\"font-size:18px\">Data: 09\/04\/22 (s\u00e1bado)<\/p>\n\n\n\n<p style=\"font-size:18px\">Hor\u00e1rio: 14 \u00e0s 17h<\/p>\n\n\n\n<p style=\"font-size:18px\">Local: Via Sul Shopping &#8211; Pra\u00e7a de Eventos (Piso 2)<\/p>\n\n\n\n<p style=\"font-size:18px\">Endere\u00e7o: Av. Washington Soares, 4335 &#8211; Sapiranga | Fortaleza &#8211; CE<\/p>\n","protected":false},"excerpt":{"rendered":"<p>A feira de ado\u00e7\u00e3o ocorre das 14 \u00e0s 17h, na Pra\u00e7a de Eventos do Segundo Piso Neste s\u00e1bado (09), o Via Sul promove, em parceria com a ONG Abrace, evento para estimular a ado\u00e7\u00e3o de c\u00e3es e gatos e tamb\u00e9m para a venda de produtos pet desenvolvidos pela institui\u00e7\u00e3o. A a\u00e7\u00e3o vai acontecer das 14 [&hellip;]<\/p>\n","protected":false},"author":1,"featured_media":13605,"comment_status":"closed","ping_status":"open","sticky":false,"template":"","format":"standard","meta":{"footnotes":""},"categories":[13],"tags":[],"class_list":["post-13604","post","type-post","status-publish","format-standard","hentry","category-variedades"],"_links":{"self":[{"href":"https:\/\/cafedigitaletc.com.br\/novo-site\/wp-json\/wp\/v2\/posts\/13604","targetHints":{"allow":["GET"]}}],"collection":[{"href":"https:\/\/cafedigitaletc.com.br\/novo-site\/wp-json\/wp\/v2\/posts"}],"about":[{"href":"https:\/\/cafedigitaletc.com.br\/novo-site\/wp-json\/wp\/v2\/types\/post"}],"author":[{"embeddable":true,"href":"https:\/\/cafedigitaletc.com.br\/novo-site\/wp-json\/wp\/v2\/users\/1"}],"replies":[{"embeddable":true,"href":"https:\/\/cafedigitaletc.com.br\/novo-site\/wp-json\/wp\/v2\/comments?post=13604"}],"version-history":[{"count":0,"href":"https:\/\/cafedigitaletc.com.br\/novo-site\/wp-json\/wp\/v2\/posts\/13604\/revisions"}],"wp:featuredmedia":[{"embeddable":true,"href":"https:\/\/cafedigitaletc.com.br\/novo-site\/wp-json\/"}],"wp:attachment":[{"href":"https:\/\/cafedigitaletc.com.br\/novo-site\/wp-json\/wp\/v2\/media?parent=13604"}],"wp:term":[{"taxonomy":"category","embeddable":true,"href":"https:\/\/cafedigitaletc.com.br\/novo-site\/wp-json\/wp\/v2\/categories?post=13604"},{"taxonomy":"post_tag","embeddable":true,"href":"https:\/\/cafedigitaletc.com.br\/novo-site\/wp-json\/wp\/v2\/tags?post=13604"}],"curies":[{"name":"wp","href":"https:\/\/api.w.org\/{rel}","templated":true}]}}