{"id":13601,"date":"2022-04-08T17:00:00","date_gmt":"2022-04-08T20:00:00","guid":{"rendered":"https:\/\/cafedigitaletc.com.br\/?p=13601"},"modified":"2022-04-08T17:00:00","modified_gmt":"2022-04-08T20:00:00","slug":"apos-dois-anos-sem-acontecer-fortal-confirma-edicao-em-2022","status":"publish","type":"post","link":"https:\/\/cafedigitaletc.com.br\/novo-site\/2022\/04\/08\/apos-dois-anos-sem-acontecer-fortal-confirma-edicao-em-2022\/","title":{"rendered":"Ap\u00f3s dois anos sem acontecer, Fortal confirma edi\u00e7\u00e3o em 2022"},"content":{"rendered":"\n<p class=\"has-drop-cap\" style=\"font-size:18px\">Um dos maiores festivais de m\u00fasica do pa\u00eds, o <strong>Fortal<\/strong> confirmou nesta quinta-feira (7) o retorno ao calend\u00e1rio nacional de eventos, ap\u00f3s dois anos sem realiza\u00e7\u00e3o, e as datas da edi\u00e7\u00e3o de 2022.<\/p>\n\n\n\n<p style=\"font-size:18px\">A edi\u00e7\u00e3o vai acontecer de 21 a 24 de julho, com a megaestrutura da <strong>Cidade Fortal,<\/strong> al\u00e9m de experi\u00eancias exclusivas que s\u00e3o frutos da mistura de ritmos e emo\u00e7\u00f5es que agitam milh\u00f5es de pessoas h\u00e1 mais de duas d\u00e9cadas.<\/p>\n\n\n\n<p style=\"font-size:18px\">Neste ano, o evento traz uma s\u00e9rie de novidades na programa\u00e7\u00e3o e deve divulgar mais informa\u00e7\u00f5es sobre os <strong>blocos, artistas e setores <\/strong>nas pr\u00f3ximas semanas.<\/p>\n","protected":false},"excerpt":{"rendered":"<p>Um dos maiores festivais de m\u00fasica do pa\u00eds, o Fortal confirmou nesta quinta-feira (7) o retorno ao calend\u00e1rio nacional de eventos, ap\u00f3s dois anos sem realiza\u00e7\u00e3o, e as datas da edi\u00e7\u00e3o de 2022. A edi\u00e7\u00e3o vai acontecer de 21 a 24 de julho, com a megaestrutura da Cidade Fortal, al\u00e9m de experi\u00eancias exclusivas que s\u00e3o [&hellip;]<\/p>\n","protected":false},"author":1,"featured_media":13602,"comment_status":"closed","ping_status":"open","sticky":false,"template":"","format":"standard","meta":{"footnotes":""},"categories":[17,10],"tags":[],"class_list":["post-13601","post","type-post","status-publish","format-standard","hentry","category-cultura-entretenimento","category-destaque"],"_links":{"self":[{"href":"https:\/\/cafedigitaletc.com.br\/novo-site\/wp-json\/wp\/v2\/posts\/13601","targetHints":{"allow":["GET"]}}],"collection":[{"href":"https:\/\/cafedigitaletc.com.br\/novo-site\/wp-json\/wp\/v2\/posts"}],"about":[{"href":"https:\/\/cafedigitaletc.com.br\/novo-site\/wp-json\/wp\/v2\/types\/post"}],"author":[{"embeddable":true,"href":"https:\/\/cafedigitaletc.com.br\/novo-site\/wp-json\/wp\/v2\/users\/1"}],"replies":[{"embeddable":true,"href":"https:\/\/cafedigitaletc.com.br\/novo-site\/wp-json\/wp\/v2\/comments?post=13601"}],"version-history":[{"count":0,"href":"https:\/\/cafedigitaletc.com.br\/novo-site\/wp-json\/wp\/v2\/posts\/13601\/revisions"}],"wp:featuredmedia":[{"embeddable":true,"href":"https:\/\/cafedigitaletc.com.br\/novo-site\/wp-json\/"}],"wp:attachment":[{"href":"https:\/\/cafedigitaletc.com.br\/novo-site\/wp-json\/wp\/v2\/media?parent=13601"}],"wp:term":[{"taxonomy":"category","embeddable":true,"href":"https:\/\/cafedigitaletc.com.br\/novo-site\/wp-json\/wp\/v2\/categories?post=13601"},{"taxonomy":"post_tag","embeddable":true,"href":"https:\/\/cafedigitaletc.com.br\/novo-site\/wp-json\/wp\/v2\/tags?post=13601"}],"curies":[{"name":"wp","href":"https:\/\/api.w.org\/{rel}","templated":true}]}}