{"id":13566,"date":"2022-04-06T16:54:18","date_gmt":"2022-04-06T19:54:18","guid":{"rendered":"https:\/\/cafedigitaletc.com.br\/?p=13566"},"modified":"2022-04-06T16:54:18","modified_gmt":"2022-04-06T19:54:18","slug":"campanha-de-conscientizacao-do-autismo-promove-atividades-e-servicos-em-shopping-de-fortaleza","status":"publish","type":"post","link":"https:\/\/cafedigitaletc.com.br\/novo-site\/2022\/04\/06\/campanha-de-conscientizacao-do-autismo-promove-atividades-e-servicos-em-shopping-de-fortaleza\/","title":{"rendered":"Campanha de conscientiza\u00e7\u00e3o do autismo promove atividades e servi\u00e7os em Shopping de Fortaleza"},"content":{"rendered":"\n<p style=\"font-size:19px\"><em>&#8220;Servi\u00e7os como massoterapia, aferi\u00e7\u00e3o de press\u00e3o arterial e glicemia ser\u00e3o oferecidos para os participantes das atividades e clientes do shopping&#8221;<\/em><\/p>\n\n\n\n<p style=\"font-size:19px\">Para fortalecer a Campanha de Conscientiza\u00e7\u00e3o do Autismo que ocorre neste m\u00eas de abril, o Instituto Compartilha organiza junto com a Taurus Engenharia uma s\u00e9rie de atividades, tanto presencial como virtual, para comemorar a data. A a\u00e7\u00e3o realizada pelo Shopping Aldeota, Cl\u00ednica Immunit\u00e9 e Laborat\u00f3rio Clementino Fraga, ocorre nos dias&nbsp;<strong>08,<\/strong>&nbsp;<strong>09, 22 e 23<\/strong>&nbsp;de abril de forma presencial, j\u00e1 nos dias&nbsp;<strong>10, 11, 12 e 13<\/strong>&nbsp;as atividades acontecem de forma virtual, pelo canal no Youtube da Taurus Engenharia.<\/p>\n\n\n\n<p style=\"font-size:19px\">O evento conta com o apoio de v\u00e1rias institui\u00e7\u00f5es cearenses como APAE-Fortaleza, Col\u00e9gio Regina Pacis, Empoderamento Down, Casa da Esperan\u00e7a e Pestalozzi, que trabalham em prol da causa. Intitulada &#8220;Autismo e um Mundo para Todas as Pessoas&#8221;, a a\u00e7\u00e3o tem o objetivo de conscientizar as pessoas sobre a inclus\u00e3o social de pessoas com autismo, assim como dar visibilidade ao Transtorno do Espectro&nbsp;Autista (TEA).<\/p>\n\n\n\n<p style=\"font-size:19px\">Nesta a\u00e7\u00e3o, o Instituto Compartilha al\u00e9m de estar na organiza\u00e7\u00e3o do evento, vai oferecer aos participantes das atividades, clientes do shopping e ao p\u00fablico em geral os servi\u00e7os de massoterapia, aferi\u00e7\u00e3o de press\u00e3o arterial e glicemia totalmente gratuitos.<\/p>\n\n\n\n<p style=\"font-size:19px\">Com uma programa\u00e7\u00e3o presencial e outra virtual, o p\u00fablico ter\u00e1 acesso gratuito a todas as atividades. Na programa\u00e7\u00e3o presencial, diversas atividades e servi\u00e7os ser\u00e3o oferecidos aos participantes e ao p\u00fablico em geral, como mesa redonda, bate-papo, conta\u00e7\u00e3o de hist\u00f3ria, lojinha de artesanato, oficina de bijuterias para m\u00e3es e filhos com espectro autista, curso de biscuit, al\u00e9m de oficina de rob\u00f3tica (montagem e programa\u00e7\u00e3o de rob\u00f4s), destinada aos pais e filhos com autismo, al\u00e9m de apresenta\u00e7\u00f5es art\u00edsticas e culturais.<\/p>\n\n\n\n<p style=\"font-size:19px\">J\u00e1 na programa\u00e7\u00e3o virtual, o p\u00fablico vai poder acompanhar v\u00e1rias palestras com profissionais renomados da \u00e1rea, conversando sobre temas como: bullying na escola, condi\u00e7\u00f5es de autistas nos tempos atuais, entre outras tem\u00e1ticas.<\/p>\n\n\n\n<p style=\"font-size:19px\">Para participar dos cursos e oficinas \u00e9 preciso fazer inscri\u00e7\u00e3o via WhatsApp pelo n\u00famero&nbsp;<strong>(85) 981932928.&nbsp;<\/strong>Toda a programa\u00e7\u00e3o virtual ser\u00e1 transmitida, ao vivo, pelo canal no Youtube da Taurus Engenharia.<\/p>\n\n\n\n<p style=\"font-size:19px\"><strong>Confira a programa\u00e7\u00e3o completa:<\/strong><\/p>\n\n\n\n<p style=\"font-size:19px\">\u00b7&nbsp;&nbsp;&nbsp;&nbsp;&nbsp;&nbsp;&nbsp;&nbsp;&nbsp;<strong>Presencial<\/strong><\/p>\n\n\n\n<p style=\"font-size:19px\"><strong>Data: 08\/04 (sexta-feira) &#8211; 14h \u00e0s 17h<\/strong><\/p>\n\n\n\n<p style=\"font-size:19px\">Curso de biscuit (im\u00e3s de geladeira)<\/p>\n\n\n\n<p style=\"font-size:19px\">P\u00fablico: M\u00e3es e filhos<\/p>\n\n\n\n<p style=\"font-size:19px\">Inscri\u00e7\u00e3o pelo WhatsApp: (85) 981932928<\/p>\n\n\n\n<p style=\"font-size:19px\">Local: Shopping Aldeota &#8211; Piso L2<\/p>\n\n\n\n<p style=\"font-size:19px\"><strong>Data: 09\/04 (s\u00e1bado) &#8211; 14h \u00e0s 17h<\/strong><\/p>\n\n\n\n<p style=\"font-size:19px\">Oficina de bijuterias<\/p>\n\n\n\n<p style=\"font-size:19px\">P\u00fablico: M\u00e3es e filhos<\/p>\n\n\n\n<p style=\"font-size:19px\">Inscri\u00e7\u00e3o pelo WhatsApp: (85) 981932928<\/p>\n\n\n\n<p style=\"font-size:19px\">Local: Shopping Aldeota &#8211; Piso L2<\/p>\n\n\n\n<p style=\"font-size:19px\"><strong>Data: 09\/04 (s\u00e1bado) &#8211; 15h<\/strong><\/p>\n\n\n\n<p style=\"font-size:19px\">Palestra de Abertura com&nbsp;<strong>Fab\u00edola Janebro<\/strong>, sobre seletividade alimentar e ao final bate papo sobre cases de sucesso inclusivo.<\/p>\n\n\n\n<p style=\"font-size:19px\">P\u00fablico: Todos<\/p>\n\n\n\n<p style=\"font-size:19px\">Local: Shopping Aldeota &#8211; Piso L2<\/p>\n\n\n\n<p style=\"font-size:19px\"><strong>Data: 09\/04 (s\u00e1bado) &#8211; 16h20min<\/strong><\/p>\n\n\n\n<p style=\"font-size:19px\">Palestra sobre Diagn\u00f3stico e Estimula\u00e7\u00e3o precoce no TEA &#8211; Instituto Compartilha<\/p>\n\n\n\n<p style=\"font-size:19px\">P\u00fablico: Todos<\/p>\n\n\n\n<p style=\"font-size:19px\">Local: Shopping Aldeota &#8211; Piso L2<\/p>\n\n\n\n<p style=\"font-size:19px\"><strong>Data: 09\/04 (s\u00e1bado) &#8211; 17h30min<\/strong><\/p>\n\n\n\n<p style=\"font-size:19px\">Mesa redonda: atua\u00e7\u00e3o da Equipe Multiprofissional no atendimento ao TEA &#8211; Instituto Compartilha<\/p>\n\n\n\n<p style=\"font-size:19px\">P\u00fablico: Todos<\/p>\n\n\n\n<p style=\"font-size:19px\">Local: Shopping Aldeota &#8211; Piso L2<\/p>\n\n\n\n<p style=\"font-size:19px\"><strong>Data: 09\/04 (s\u00e1bado) &#8211; 16h30min \u00e0s 18h30min<\/strong><\/p>\n\n\n\n<p style=\"font-size:19px\">Festa de P\u00e1scoa &#8211; Espet\u00e1culo teatral<\/p>\n\n\n\n<p style=\"font-size:19px\">P\u00fablico: Para todos<\/p>\n\n\n\n<p style=\"font-size:19px\">Local: Shopping Aldeota &#8211; Piso L1<\/p>\n\n\n\n<p style=\"font-size:19px\"><strong>Data: 22\/04 (sexta-feira) &#8211; 15h \u00e0s 18h<\/strong><\/p>\n\n\n\n<p style=\"font-size:19px\">Oficina de Rob\u00f3tica (montagem e programa\u00e7\u00e3o de rob\u00f4s)<\/p>\n\n\n\n<p style=\"font-size:19px\">P\u00fablico: Acima de 10 anos<\/p>\n\n\n\n<p style=\"font-size:19px\">Inscri\u00e7\u00e3o pelo WhatsApp: (85) 981932928 &nbsp;<\/p>\n\n\n\n<p style=\"font-size:19px\">Local: Shopping Aldeota &#8211; Piso L3<\/p>\n\n\n\n<p style=\"font-size:19px\"><strong>Data: 23\/04 (s\u00e1bado) &#8211; 14h30min<\/strong><\/p>\n\n\n\n<p style=\"font-size:19px\">Conta\u00e7\u00e3o de hist\u00f3ria: ser diferente \u00e9 legal (com fantoches)<\/p>\n\n\n\n<p style=\"font-size:19px\">P\u00fablico: Para todos<\/p>\n\n\n\n<p style=\"font-size:19px\">Local: Shopping Aldeota &#8211; Piso L1<\/p>\n\n\n\n<p style=\"font-size:19px\"><strong>Data: 23\/04 (s\u00e1bado) &#8211; 15h<\/strong><\/p>\n\n\n\n<p style=\"font-size:19px\">Apresenta\u00e7\u00f5es art\u00edsticas e culturais: coral, dan\u00e7a, m\u00fasica e apresenta\u00e7\u00f5es de esporte.<\/p>\n\n\n\n<p style=\"font-size:19px\">P\u00fablico: Todos<\/p>\n\n\n\n<p style=\"font-size:19px\">Local: Shopping Aldeota &#8211; Piso L1<\/p>\n\n\n\n<p style=\"font-size:19px\"><strong>Datas: 08, 09, 22 e 23\/04 (sextas e s\u00e1bados) &#8211; Hor\u00e1rio de funcionamento do shopping<\/strong><\/p>\n\n\n\n<p style=\"font-size:19px\">Lojinha para venda de artesanato<\/p>\n\n\n\n<p style=\"font-size:19px\">P\u00fablico: Todos<\/p>\n\n\n\n<p style=\"font-size:19px\">Local: Shopping Aldeota &#8211; Piso L2<\/p>\n\n\n\n<p style=\"font-size:19px\"><strong>Datas: 08, 09, 22 e 23\/04 (sextas e s\u00e1bados) &#8211; Hor\u00e1rio de funcionamento do shopping<\/strong><\/p>\n\n\n\n<p style=\"font-size:19px\">Massoterapia\/aferi\u00e7\u00e3o de press\u00e3o\/glicemia<\/p>\n\n\n\n<p style=\"font-size:19px\">P\u00fablico: Todos<\/p>\n\n\n\n<p style=\"font-size:19px\">Local: Shopping Aldeota &#8211; Piso L1<\/p>\n\n\n\n<p style=\"font-size:19px\">\u00b7&nbsp;&nbsp;&nbsp;&nbsp;&nbsp;&nbsp;&nbsp;&nbsp;&nbsp;<strong>Programa\u00e7\u00e3o Virtual<\/strong><\/p>\n\n\n\n<p style=\"font-size:19px\"><strong>Data: 11\/04 (segunda-feira) &#8211; 19h<\/strong><\/p>\n\n\n\n<p style=\"font-size:19px\">Palestra: Condi\u00e7\u00f5es de autistas nos tempos atuais: abordando economia, renda familiar, entre outros.<\/p>\n\n\n\n<p style=\"font-size:19px\">Moderador: Jo\u00e3o Eduardo.<\/p>\n\n\n\n<p style=\"font-size:19px\">Convidados: Alexandre Mapurunga, Ethel Sud\u00e1rio, Liduina Carneiro, Lucas Maia e Talita Fernandes.<\/p>\n\n\n\n<p style=\"font-size:19px\">P\u00fablico: Todos<\/p>\n\n\n\n<p style=\"font-size:19px\"><strong>Data: 12\/04 (ter\u00e7a-feira) &#8211; 19h<\/strong><\/p>\n\n\n\n<p style=\"font-size:19px\">Palestra: Bullying na Escola<\/p>\n\n\n\n<p style=\"font-size:19px\">Moderador: Ros\u00e2ngella Lima<\/p>\n\n\n\n<p style=\"font-size:19px\">Convidados: Levi Pimenta, Lucas Maia e jovens autistas.<\/p>\n\n\n\n<p style=\"font-size:19px\">P\u00fablico: Todos<\/p>\n\n\n\n<p style=\"font-size:19px\"><strong>Data: 13\/04 (quarta-feira) \u2013 19h<\/strong><\/p>\n\n\n\n<p style=\"font-size:19px\">Palestra: LEI 12.764 &#8211; Seus 10 anos! O que de fato est\u00e1 sendo executado?<\/p>\n\n\n\n<p style=\"font-size:19px\">Moderador: Jo\u00e3o Eduardo<\/p>\n\n\n\n<p style=\"font-size:19px\">Convidados: Alexandre Mapurunga, Jo\u00e3o Eduardo, Gabriele Bezerro, Ros\u00e2ngella Lima, Guilherme Barroso, Lidu\u00edna Carneiro e Maur\u00edcio Lima.<\/p>\n\n\n\n<p style=\"font-size:19px\">P\u00fablico: Todos<\/p>\n","protected":false},"excerpt":{"rendered":"<p>&#8220;Servi\u00e7os como massoterapia, aferi\u00e7\u00e3o de press\u00e3o arterial e glicemia ser\u00e3o oferecidos para os participantes das atividades e clientes do shopping&#8221; Para fortalecer a Campanha de Conscientiza\u00e7\u00e3o do Autismo que ocorre neste m\u00eas de abril, o Instituto Compartilha organiza junto com a Taurus Engenharia uma s\u00e9rie de atividades, tanto presencial como virtual, para comemorar a data. [&hellip;]<\/p>\n","protected":false},"author":1,"featured_media":13567,"comment_status":"closed","ping_status":"open","sticky":false,"template":"","format":"standard","meta":{"footnotes":""},"categories":[13],"tags":[],"class_list":["post-13566","post","type-post","status-publish","format-standard","hentry","category-variedades"],"_links":{"self":[{"href":"https:\/\/cafedigitaletc.com.br\/novo-site\/wp-json\/wp\/v2\/posts\/13566","targetHints":{"allow":["GET"]}}],"collection":[{"href":"https:\/\/cafedigitaletc.com.br\/novo-site\/wp-json\/wp\/v2\/posts"}],"about":[{"href":"https:\/\/cafedigitaletc.com.br\/novo-site\/wp-json\/wp\/v2\/types\/post"}],"author":[{"embeddable":true,"href":"https:\/\/cafedigitaletc.com.br\/novo-site\/wp-json\/wp\/v2\/users\/1"}],"replies":[{"embeddable":true,"href":"https:\/\/cafedigitaletc.com.br\/novo-site\/wp-json\/wp\/v2\/comments?post=13566"}],"version-history":[{"count":0,"href":"https:\/\/cafedigitaletc.com.br\/novo-site\/wp-json\/wp\/v2\/posts\/13566\/revisions"}],"wp:featuredmedia":[{"embeddable":true,"href":"https:\/\/cafedigitaletc.com.br\/novo-site\/wp-json\/"}],"wp:attachment":[{"href":"https:\/\/cafedigitaletc.com.br\/novo-site\/wp-json\/wp\/v2\/media?parent=13566"}],"wp:term":[{"taxonomy":"category","embeddable":true,"href":"https:\/\/cafedigitaletc.com.br\/novo-site\/wp-json\/wp\/v2\/categories?post=13566"},{"taxonomy":"post_tag","embeddable":true,"href":"https:\/\/cafedigitaletc.com.br\/novo-site\/wp-json\/wp\/v2\/tags?post=13566"}],"curies":[{"name":"wp","href":"https:\/\/api.w.org\/{rel}","templated":true}]}}