{"id":13252,"date":"2022-03-13T21:22:04","date_gmt":"2022-03-13T21:22:04","guid":{"rendered":"https:\/\/cafedigitaletc.com.br\/?p=13252"},"modified":"2022-03-13T21:22:04","modified_gmt":"2022-03-13T21:22:04","slug":"porducao-cearense-capacete-elmo-e-eleito-melhor-case-de-inovacao-do-brasil-em-votacao-popular","status":"publish","type":"post","link":"https:\/\/cafedigitaletc.com.br\/novo-site\/2022\/03\/13\/porducao-cearense-capacete-elmo-e-eleito-melhor-case-de-inovacao-do-brasil-em-votacao-popular\/","title":{"rendered":"Produ\u00e7\u00e3o cearense, Capacete Elmo \u00e9 eleito melhor case de inova\u00e7\u00e3o do Brasil em vota\u00e7\u00e3o popular"},"content":{"rendered":"\n<p class=\"has-medium-font-size\">O capacete Elmo \u00e9 o melhor case de inova\u00e7\u00e3o do Brasil. O t\u00edtulo foi conferido ap\u00f3s vota\u00e7\u00e3o popular on-line e o an\u00fancio feito no Summit Senai P&amp;D + Impacto, nessa quinta-feira (10). Dos tr\u00eas mais votados, entre 25 cases de todo o Brasil, o Elmo ficou em primeiro lugar, conquistando 60% dos quase 25 mil votos no Pa\u00eds. O projeto inovador foi um dos selecionados para ser apresentado no 9\u00ba Congresso de Inova\u00e7\u00e3o da CNI \u2013 Confedera\u00e7\u00e3o Nacional da Ind\u00fastria, maior evento de inova\u00e7\u00e3o da Am\u00e9rica Latina, ocorrido esta semana, em S\u00e3o Paulo (SP), com transmiss\u00f5es ao vivo pela internet.<\/p>\n\n\n\n<p class=\"has-medium-font-size\">Orgulho para o Cear\u00e1, o Elmo \u00e9 fruto de parceria p\u00fablico-privada envolvendo o Governo do Cear\u00e1 e a Secretaria da Sa\u00fade do Cear\u00e1 (Sesa), por meio da Escola de Sa\u00fade P\u00fablica do Cear\u00e1 (ESP\/CE), Funda\u00e7\u00e3o Cearense de Apoio ao Desenvolvimento Cient\u00edfico e Tecnol\u00f3gico (Funcap), al\u00e9m de Federa\u00e7\u00e3o das Ind\u00fastrias do Cear\u00e1 (Fiec), com o Servi\u00e7o Nacional de Aprendizagem Industrial (Senai Cear\u00e1), Universidade de Fortaleza (Unifor), Universidade Federal do Cear\u00e1 (UFC) e apoio do Instituto de Sa\u00fade e Gest\u00e3o Hospitalar (ISGH) e da Esmaltec.<\/p>\n\n\n\n<p class=\"has-medium-font-size\">Na cerim\u00f4nia, o projeto cearense foi representado pelo diretor do Servi\u00e7o Nacional de Aprendizagem Industrial (Senai Cear\u00e1), Paulo Andr\u00e9 Holanda; pelo engenheiro Rendex Ribeiro, gerente de Engenharia de Produto da empresa Esmaltec; e pelo superintendente de Inova\u00e7\u00e3o da CNI, Jefferson Gomes. O p\u00f3dio da premia\u00e7\u00e3o teve ainda o Instituto Senai de Tecnologia \/ Empresa Almod\u00f3vares em segundo lugar com o projeto Serum Gel, e o Senai Cimatec com o projeto Vacina COVID \u2013 Hot Bio, na terceira coloca\u00e7\u00e3o.<\/p>\n\n\n\n<p class=\"has-medium-font-size\">O superintendente da Escola de Sa\u00fade P\u00fablica do Cear\u00e1 (ESP\/CE), m\u00e9dico e pneumologista, Marcelo Alcantara, idealizador do capacete, falou sobre o pr\u00eamio. \u201cAgrade\u00e7o a iniciativa da Esmaltec e do Senai de levar o Elmo para essa premia\u00e7\u00e3o. Acho que foi uma ideia brilhante. N\u00e3o basta apenas ter a ideia, fazer o prot\u00f3tipo, os testes, realizar o trabalho, publicar cientificamente, ter a aprova\u00e7\u00e3o da Anvisa, de todas as inst\u00e2ncias. Mas tamb\u00e9m participar dessa vida social \u00e9 crucial para que a inova\u00e7\u00e3o tenha o m\u00e1ximo de alcance. Isso \u00e9 algo marcante tamb\u00e9m dentro da hist\u00f3ria do Elmo. E por isso, eu dou esse depoimento, pela satisfa\u00e7\u00e3o que estou vivendo junto com todo mundo que participou do processo. A nossa vota\u00e7\u00e3o expressiva mostra, junto aos coment\u00e1rios espont\u00e2neos que vemos na internet [de quem usou o Elmo], que, de fato, tocamos a vida de muita gente. Isso \u00e9 muito s\u00e9rio, importante\u201d.<\/p>\n\n\n\n<p class=\"has-medium-font-size\">Para Paulo Andr\u00e9 Holanda, superintendente regional do Sesi Cear\u00e1 e diretor regional do Senai Cear\u00e1, \u201co Elmo foi fruto de lideran\u00e7as important\u00edssimas que foram determinantes para que pud\u00e9ssemos desenvolver o Elmo em tempo recorde e salvar, at\u00e9 agora, mais de 40 mil vidas. O prot\u00f3tipo foi desenvolvido e testado no Instituto Senai de Tecnologia\u201d.<\/p>\n\n\n\n<p class=\"has-medium-font-size\">Quase 2.400 capacetes j\u00e1 foram doados ao Sistema \u00danico de Sa\u00fade (SUS) no Cear\u00e1 e mais de 2.100 profissionais foram capacitados em todo o Brasil pela ESP\/CE at\u00e9 mar\u00e7o deste ano. Segundo a Esmaltec, que fabrica os equipamentos, 9.949 capacetes foram distribu\u00eddos no Pa\u00eds desde o in\u00edcio do projeto at\u00e9 o \u00faltimo m\u00eas, conforme registros da empresa.<\/p>\n","protected":false},"excerpt":{"rendered":"<p>O capacete Elmo \u00e9 o melhor case de inova\u00e7\u00e3o do Brasil. O t\u00edtulo foi conferido ap\u00f3s vota\u00e7\u00e3o popular on-line e o an\u00fancio feito no Summit Senai P&amp;D + Impacto, nessa quinta-feira (10). Dos tr\u00eas mais votados, entre 25 cases de todo o Brasil, o Elmo ficou em primeiro lugar, conquistando 60% dos quase 25 mil [&hellip;]<\/p>\n","protected":false},"author":1,"featured_media":13253,"comment_status":"closed","ping_status":"open","sticky":false,"template":"","format":"standard","meta":{"footnotes":""},"categories":[10,14],"tags":[],"class_list":["post-13252","post","type-post","status-publish","format-standard","hentry","category-destaque","category-saude"],"_links":{"self":[{"href":"https:\/\/cafedigitaletc.com.br\/novo-site\/wp-json\/wp\/v2\/posts\/13252","targetHints":{"allow":["GET"]}}],"collection":[{"href":"https:\/\/cafedigitaletc.com.br\/novo-site\/wp-json\/wp\/v2\/posts"}],"about":[{"href":"https:\/\/cafedigitaletc.com.br\/novo-site\/wp-json\/wp\/v2\/types\/post"}],"author":[{"embeddable":true,"href":"https:\/\/cafedigitaletc.com.br\/novo-site\/wp-json\/wp\/v2\/users\/1"}],"replies":[{"embeddable":true,"href":"https:\/\/cafedigitaletc.com.br\/novo-site\/wp-json\/wp\/v2\/comments?post=13252"}],"version-history":[{"count":0,"href":"https:\/\/cafedigitaletc.com.br\/novo-site\/wp-json\/wp\/v2\/posts\/13252\/revisions"}],"wp:featuredmedia":[{"embeddable":true,"href":"https:\/\/cafedigitaletc.com.br\/novo-site\/wp-json\/"}],"wp:attachment":[{"href":"https:\/\/cafedigitaletc.com.br\/novo-site\/wp-json\/wp\/v2\/media?parent=13252"}],"wp:term":[{"taxonomy":"category","embeddable":true,"href":"https:\/\/cafedigitaletc.com.br\/novo-site\/wp-json\/wp\/v2\/categories?post=13252"},{"taxonomy":"post_tag","embeddable":true,"href":"https:\/\/cafedigitaletc.com.br\/novo-site\/wp-json\/wp\/v2\/tags?post=13252"}],"curies":[{"name":"wp","href":"https:\/\/api.w.org\/{rel}","templated":true}]}}