{"id":13034,"date":"2022-03-01T13:13:05","date_gmt":"2022-03-01T13:13:05","guid":{"rendered":"https:\/\/cafedigitaletc.com.br\/?p=13034"},"modified":"2022-03-01T13:13:05","modified_gmt":"2022-03-01T13:13:05","slug":"com-previsao-de-entrega-em-2023-shopping-na-messejana-vai-gerar-5-mil-empregos","status":"publish","type":"post","link":"https:\/\/cafedigitaletc.com.br\/novo-site\/2022\/03\/01\/com-previsao-de-entrega-em-2023-shopping-na-messejana-vai-gerar-5-mil-empregos\/","title":{"rendered":"Com previs\u00e3o de entrega em 2023, Shopping na Messejana vai gerar 5 mil empregos"},"content":{"rendered":"\n<h4 class=\"wp-block-heading\" style=\"font-style:normal;font-weight:400\">Fortaleza deve receber at\u00e9 2023 um novo shopping, o Gigamall. Operado pelo <strong>Grupo J. Sleiman S.A<\/strong>, o novo equipamento est\u00e1 sendo constru\u00eddo em Messejana e ser\u00e1 destinado prioritariamente ao setor da moda atacadista. Com<strong> 70 mil metros quadrados<\/strong> de \u00e1rea constru\u00edda, o novo espa\u00e7o vai contar com mais de 1.200 opera\u00e7\u00f5es e investimento de <strong>R$140 milh\u00f5es.<\/strong><\/h4>\n\n\n\n<h4 class=\"wp-block-heading\" style=\"font-style:normal;font-weight:400\">De acordo com o superintendente do Gigamall, Regis Tavares, o bairro foi escolhido por sua localiza\u00e7\u00e3o estrat\u00e9gica e pela expectativa de crescimento do atacado de moda em Fortaleza. \u201cMessejana \u00e9 uma das portas de entrada da cidade, com f\u00e1cil acesso pelas principais rodovias do estado, al\u00e9m de ser um bairro de com\u00e9rcio muito forte, com muitas oportunidades de crescimento. Investir nesta regi\u00e3o \u00e9 estrat\u00e9gico para o crescimento do setor da moda no Cear\u00e1\u201d, explicou Regis.<\/h4>\n\n\n\n<h4 class=\"wp-block-heading\" style=\"font-style:normal;font-weight:400\">Com uma infraestrutura moderna, os seis pavimentos do Gigamall primam pelo conforto e pela seguran\u00e7a dos seus usu\u00e1rios. O Shopping contar\u00e1 com um estacionamento coberto com mais de 70 vagas exclusivas para \u00f4nibus rodovi\u00e1rios, e \u00e1reas dedicadas para a opera\u00e7\u00e3o de empresas de log\u00edstica, garantindo aos revendedores praticidade no envio de suas compras. Al\u00e9m disso, ter\u00e1 dois pavimentos de lojas, climatizados com ar-condicionado e com elevadores e escadas rolantes de alta capacidade.<\/h4>\n\n\n\n<h4 class=\"wp-block-heading\" style=\"font-style:normal;font-weight:400\">O empreendimento ter\u00e1 ainda mais tr\u00eas pavimentos de estacionamento, com mais de 700 vagas, e um espa\u00e7o compartilhado para opera\u00e7\u00f5es corporativas, com salas destinadas a opera\u00e7\u00f5es como escrit\u00f3rios, consult\u00f3rios, cl\u00ednicas, \u02dccoworking\u02dc e muito mais.<\/h4>\n\n\n\n<h4 class=\"wp-block-heading\" style=\"font-style:normal;font-weight:400\">O superintendente do shopping destacou, ainda, que o projeto contemplar\u00e1 a constru\u00e7\u00e3o de um hotel no complexo, visando garantir comodidade aos clientes e comerciantes que v\u00eam de lugares mais distantes. \u201cA ideia de termos um hotel junto ao Gigamall reflete nosso entendimento de que conforto e praticidade geram mais oportunidades de neg\u00f3cio. Acolher bem aqueles comerciantes que v\u00eam de outras cidades, \u00e0s vezes at\u00e9 de outros estados, possibilitar\u00e1 que eles permane\u00e7am mais tempo negociando no local, injetando mais recursos na nossa economia\u201d, destacou Regis.<\/h4>\n\n\n\n<h4 class=\"wp-block-heading\" style=\"font-style:normal;font-weight:400\">Desenvolvido desde a sua concep\u00e7\u00e3o para ser um shopping voltado para o segmento atacadista da moda, o Gigamall leva a assinatura da Griffe Arquitetura, escrit\u00f3rio de Goi\u00e2nia especializado em shoppings de atacado, e foi pensado para ser diferente dos demais empreendimentos j\u00e1 existentes no Cear\u00e1.<\/h4>\n\n\n\n<h4 class=\"wp-block-heading\" style=\"font-style:normal;font-weight:400\">A pr\u00e9-venda das lojas do Gigamall est\u00e1 programada para iniciar em breve. Em um primeiro momento, o empreendimento buscar\u00e1 parceria com atacadistas de moda j\u00e1 consolidados no mercado e, em seguida, ir\u00e1 comercializar suas unidades com os demais interessados.<\/h4>\n","protected":false},"excerpt":{"rendered":"<p>Fortaleza deve receber at\u00e9 2023 um novo shopping, o Gigamall. Operado pelo Grupo J. Sleiman S.A, o novo equipamento est\u00e1 sendo constru\u00eddo em Messejana e ser\u00e1 destinado prioritariamente ao setor da moda atacadista. Com 70 mil metros quadrados de \u00e1rea constru\u00edda, o novo espa\u00e7o vai contar com mais de 1.200 opera\u00e7\u00f5es e investimento de R$140 [&hellip;]<\/p>\n","protected":false},"author":1,"featured_media":13035,"comment_status":"closed","ping_status":"open","sticky":false,"template":"","format":"standard","meta":{"footnotes":""},"categories":[10,11],"tags":[],"class_list":["post-13034","post","type-post","status-publish","format-standard","hentry","category-destaque","category-economia"],"_links":{"self":[{"href":"https:\/\/cafedigitaletc.com.br\/novo-site\/wp-json\/wp\/v2\/posts\/13034","targetHints":{"allow":["GET"]}}],"collection":[{"href":"https:\/\/cafedigitaletc.com.br\/novo-site\/wp-json\/wp\/v2\/posts"}],"about":[{"href":"https:\/\/cafedigitaletc.com.br\/novo-site\/wp-json\/wp\/v2\/types\/post"}],"author":[{"embeddable":true,"href":"https:\/\/cafedigitaletc.com.br\/novo-site\/wp-json\/wp\/v2\/users\/1"}],"replies":[{"embeddable":true,"href":"https:\/\/cafedigitaletc.com.br\/novo-site\/wp-json\/wp\/v2\/comments?post=13034"}],"version-history":[{"count":0,"href":"https:\/\/cafedigitaletc.com.br\/novo-site\/wp-json\/wp\/v2\/posts\/13034\/revisions"}],"wp:featuredmedia":[{"embeddable":true,"href":"https:\/\/cafedigitaletc.com.br\/novo-site\/wp-json\/"}],"wp:attachment":[{"href":"https:\/\/cafedigitaletc.com.br\/novo-site\/wp-json\/wp\/v2\/media?parent=13034"}],"wp:term":[{"taxonomy":"category","embeddable":true,"href":"https:\/\/cafedigitaletc.com.br\/novo-site\/wp-json\/wp\/v2\/categories?post=13034"},{"taxonomy":"post_tag","embeddable":true,"href":"https:\/\/cafedigitaletc.com.br\/novo-site\/wp-json\/wp\/v2\/tags?post=13034"}],"curies":[{"name":"wp","href":"https:\/\/api.w.org\/{rel}","templated":true}]}}