{"id":12968,"date":"2022-02-24T12:14:09","date_gmt":"2022-02-24T12:14:09","guid":{"rendered":"https:\/\/cafedigitaletc.com.br\/?p=12968"},"modified":"2022-02-24T12:14:09","modified_gmt":"2022-02-24T12:14:09","slug":"novo-terminal-de-onibus-e-inaugurado-no-bairro-jose-walter-com-operacao-de-nove-linhas","status":"publish","type":"post","link":"https:\/\/cafedigitaletc.com.br\/novo-site\/2022\/02\/24\/novo-terminal-de-onibus-e-inaugurado-no-bairro-jose-walter-com-operacao-de-nove-linhas\/","title":{"rendered":"Novo terminal de \u00f4nibus \u00e9 inaugurado no bairro Jos\u00e9 Walter com opera\u00e7\u00e3o de nove linhas"},"content":{"rendered":"\n<p class=\"has-medium-font-size\">O prefeito de Fortaleza, Jos\u00e9 Sarto, entregou \u00e0 popula\u00e7\u00e3o nesta quarta-feira (23\/02) mais um Terminal Aberto, localizado na avenida Jo\u00e3o de Ara\u00fajo Lima, no bairro Jos\u00e9 Walter, pr\u00f3ximo \u00e0 avenida Presidente Costa e Silva. O novo equipamento do sistema de Transporte P\u00fablico atender\u00e1, aproximadamente, 21 mil passageiros\/dia, com a circula\u00e7\u00e3o de nove linhas de \u00f4nibus, inicialmente.<\/p>\n\n\n\n<p class=\"has-medium-font-size\">A exemplo do Terminal Aberto da Washington Soares, inaugurado em outubro de 2021, o acesso \u00e0s linhas que ir\u00e3o operar nas plataformas \u00e9 realizado com o uso do Bilhete \u00danico ou carteira estudantil com cr\u00e9ditos, al\u00e9m de outros cart\u00f5es de transporte.<\/p>\n\n\n\n<p class=\"has-medium-font-size\">&#8220;\u00c9 uma alternativa que vai propiciar mais rapidez, comodidade e conforto para a popula\u00e7\u00e3o, e \u00e9 tamb\u00e9m nosso compromisso de campanha. Nos comprometemos a inaugurar quatro terminais e j\u00e1 inauguramos dois, aqui e na Washington Soares. S\u00e3o terminais abertos, com duas plataformas, atende um contingente expressivo de pessoas e \u00e9 integrado ao Bilhete \u00danico, que \u00e9 uma das grandes conquistas da cidade de Fortaleza&#8221;, destacou o prefeito.<\/p>\n\n\n\n<p class=\"has-medium-font-size\">As nove linhas operando no terminal ser\u00e3o distribu\u00eddas nas duas plataformas para o embarque e desembarque organizados, al\u00e9m de uma plataforma extra para administra\u00e7\u00e3o e servi\u00e7os.<\/p>\n\n\n\n<p class=\"has-medium-font-size\">No primeiro momento, as outras linhas da avenida n\u00e3o acessam o novo terminal, realizando o embarque e desembarque em pontos externos nas avenidas Presidente Costa e Silva e Jo\u00e3o de Ara\u00fajo Lima. O terminal atender\u00e1 aos passageiros dos bairros Parque Dois Irm\u00e3os, Planalto Ayrton Senna, Conjunto Palmeiras e Mondubim, por exemplo.<\/p>\n\n\n\n<p class=\"has-medium-font-size\">&#8220;A gest\u00e3o est\u00e1 priorizando e refor\u00e7ando as melhorias no transporte, trazendo mais conforto e comodidade aos passageiros. Inicialmente, operam nove linhas, por\u00e9m, com o funcionamento do terminal avaliaremos a possibilidade e necessidade de que outras linhas passem a trafegar pelo novo equipamento&#8221;, informou o presidente da Etufor, Davi Bezerra.<\/p>\n\n\n\n<p class=\"has-medium-font-size\"><strong>Estrutura<\/strong><\/p>\n\n\n\n<p class=\"has-medium-font-size\">O novo espa\u00e7o conta com 700m\u00b2 de \u00e1rea, com pontos de wi-fi gratuito, pain\u00e9is de previs\u00e3o de chegada dos \u00f4nibus, monitoramento 24h atrav\u00e9s de c\u00e2meras integradas ao Centro Operacional Integrado da Etufor e \u00e0 Ciops, al\u00e9m de servi\u00e7o de seguran\u00e7a privada. O projeto favorece a integra\u00e7\u00e3o com o modal ciclovi\u00e1rio, por meio da implanta\u00e7\u00e3o de uma ciclofaixa interligada \u00e0 ciclovia da avenida Bernardo Manuel, que conta com sem\u00e1foro com tempo para pedestres e ciclistas.<\/p>\n\n\n\n<p class=\"has-medium-font-size\">Ser\u00e3o instalados pontos de autoatendimento do Bilhete \u00danico e quiosques de alimenta\u00e7\u00e3o, com\u00e9rcios e servi\u00e7os, e banheiros. Este terminal conta com coberta vi\u00e1vel para adapta\u00e7\u00e3o de futuras instala\u00e7\u00f5es de pain\u00e9is solares para suprir o mesmo com energia solar.<\/p>\n\n\n\n<p class=\"has-medium-font-size\"><strong>Linhas que operam no novo Terminal Aberto Jos\u00e9 Walter<\/strong><\/p>\n\n\n\n<p class=\"has-medium-font-size\">095 &#8211; Coruj\u00e3o\/Jos\u00e9 Walter<br>317 &#8211; Cidade Nova\/Parangaba<br>347 &#8211; Jos\u00e9 Walter\/Parangaba\/Av. L<br>377 &#8211; Jos\u00e9 Walter\/Parangaba\/Av. J<br>406 &#8211; Planalto Ayrton Senna\/Expedicion\u00e1rios<br>407 &#8211; Jos\u00e9 Walter\/Expedicion\u00e1rios<br>456 &#8211; Planalto Ayrton Senna\/Parangaba<br>466 &#8211; Arvoredo\/Parangaba<br>728 &#8211; Jos\u00e9 Walter\/Centro<\/p>\n","protected":false},"excerpt":{"rendered":"<p>O prefeito de Fortaleza, Jos\u00e9 Sarto, entregou \u00e0 popula\u00e7\u00e3o nesta quarta-feira (23\/02) mais um Terminal Aberto, localizado na avenida Jo\u00e3o de Ara\u00fajo Lima, no bairro Jos\u00e9 Walter, pr\u00f3ximo \u00e0 avenida Presidente Costa e Silva. O novo equipamento do sistema de Transporte P\u00fablico atender\u00e1, aproximadamente, 21 mil passageiros\/dia, com a circula\u00e7\u00e3o de nove linhas de \u00f4nibus, [&hellip;]<\/p>\n","protected":false},"author":1,"featured_media":12969,"comment_status":"closed","ping_status":"open","sticky":false,"template":"","format":"standard","meta":{"footnotes":""},"categories":[10,11],"tags":[],"class_list":["post-12968","post","type-post","status-publish","format-standard","hentry","category-destaque","category-economia"],"_links":{"self":[{"href":"https:\/\/cafedigitaletc.com.br\/novo-site\/wp-json\/wp\/v2\/posts\/12968","targetHints":{"allow":["GET"]}}],"collection":[{"href":"https:\/\/cafedigitaletc.com.br\/novo-site\/wp-json\/wp\/v2\/posts"}],"about":[{"href":"https:\/\/cafedigitaletc.com.br\/novo-site\/wp-json\/wp\/v2\/types\/post"}],"author":[{"embeddable":true,"href":"https:\/\/cafedigitaletc.com.br\/novo-site\/wp-json\/wp\/v2\/users\/1"}],"replies":[{"embeddable":true,"href":"https:\/\/cafedigitaletc.com.br\/novo-site\/wp-json\/wp\/v2\/comments?post=12968"}],"version-history":[{"count":0,"href":"https:\/\/cafedigitaletc.com.br\/novo-site\/wp-json\/wp\/v2\/posts\/12968\/revisions"}],"wp:featuredmedia":[{"embeddable":true,"href":"https:\/\/cafedigitaletc.com.br\/novo-site\/wp-json\/"}],"wp:attachment":[{"href":"https:\/\/cafedigitaletc.com.br\/novo-site\/wp-json\/wp\/v2\/media?parent=12968"}],"wp:term":[{"taxonomy":"category","embeddable":true,"href":"https:\/\/cafedigitaletc.com.br\/novo-site\/wp-json\/wp\/v2\/categories?post=12968"},{"taxonomy":"post_tag","embeddable":true,"href":"https:\/\/cafedigitaletc.com.br\/novo-site\/wp-json\/wp\/v2\/tags?post=12968"}],"curies":[{"name":"wp","href":"https:\/\/api.w.org\/{rel}","templated":true}]}}