{"id":12758,"date":"2022-02-08T11:38:50","date_gmt":"2022-02-08T11:38:50","guid":{"rendered":"https:\/\/cafedigitaletc.com.br\/?p=12758"},"modified":"2022-02-08T11:38:50","modified_gmt":"2022-02-08T11:38:50","slug":"gabivic-lanca-hit-rajada-de-raba","status":"publish","type":"post","link":"https:\/\/cafedigitaletc.com.br\/novo-site\/2022\/02\/08\/gabivic-lanca-hit-rajada-de-raba\/","title":{"rendered":"Gabivic lan\u00e7a hit \u201cRajada de Raba\u201d"},"content":{"rendered":"\n<p class=\"has-medium-font-size\"><em>A nova m\u00fasica de trabalho da cantora cearense j\u00e1 est\u00e1 dispon\u00edvel em todas as plataformas digitais<\/em><\/p>\n\n\n\n<p class=\"has-medium-font-size\">Foi durante a pandemia que Gabivic, nome art\u00edstico da cearense Gabriele Vit\u00f3ria, resolveu apostar na carreira profissional e apresentar o seu lado cantora ao mundo. De l\u00e1 pra c\u00e1, foram quatro lan\u00e7amentos, parcerias musicais, shows e muito, muito trabalho. Nesta quinta-feira (3), Gabivic lan\u00e7a m\u00fasica nova: \u201cRajada de Raba\u201d j\u00e1 dispon\u00edvel em todas as plataformas digitais e a vers\u00e3o em clipe tamb\u00e9m j\u00e1 pode ser conferida no canal oficial da cantora no YouTube.<\/p>\n\n\n\n<p class=\"has-medium-font-size\">Com uma batida que passeia pelo popfunk, \u201cRajada de Raba\u201d segue a linha do estilo musical de trabalho escolhido por Gabivic, o bregafunk. O hit \u00e9 uma composi\u00e7\u00e3o de Uoshington Miranda e a produ\u00e7\u00e3o musical \u00e9 da BNB no Beat. O clipe foi gravado na boate Living, em Fortaleza, e conta com cenas dan\u00e7antes de Gabivic acompanhada por dan\u00e7arinas.<\/p>\n\n\n\n<p class=\"has-medium-font-size\"> Confira:\u00a0<a href=\"https:\/\/onerpm.link\/366969284570\" target=\"_blank\" rel=\"noreferrer noopener\">https:\/\/onerpm.link\/366969284570<\/a> <\/p>\n\n\n\n<p class=\"has-medium-font-size\">Gabivic&nbsp;(Foto: Lucas Moraes)<\/p>\n","protected":false},"excerpt":{"rendered":"<p>A nova m\u00fasica de trabalho da cantora cearense j\u00e1 est\u00e1 dispon\u00edvel em todas as plataformas digitais Foi durante a pandemia que Gabivic, nome art\u00edstico da cearense Gabriele Vit\u00f3ria, resolveu apostar na carreira profissional e apresentar o seu lado cantora ao mundo. De l\u00e1 pra c\u00e1, foram quatro lan\u00e7amentos, parcerias musicais, shows e muito, muito trabalho. [&hellip;]<\/p>\n","protected":false},"author":1,"featured_media":12759,"comment_status":"closed","ping_status":"open","sticky":false,"template":"","format":"standard","meta":{"footnotes":""},"categories":[13],"tags":[],"class_list":["post-12758","post","type-post","status-publish","format-standard","hentry","category-variedades"],"_links":{"self":[{"href":"https:\/\/cafedigitaletc.com.br\/novo-site\/wp-json\/wp\/v2\/posts\/12758","targetHints":{"allow":["GET"]}}],"collection":[{"href":"https:\/\/cafedigitaletc.com.br\/novo-site\/wp-json\/wp\/v2\/posts"}],"about":[{"href":"https:\/\/cafedigitaletc.com.br\/novo-site\/wp-json\/wp\/v2\/types\/post"}],"author":[{"embeddable":true,"href":"https:\/\/cafedigitaletc.com.br\/novo-site\/wp-json\/wp\/v2\/users\/1"}],"replies":[{"embeddable":true,"href":"https:\/\/cafedigitaletc.com.br\/novo-site\/wp-json\/wp\/v2\/comments?post=12758"}],"version-history":[{"count":0,"href":"https:\/\/cafedigitaletc.com.br\/novo-site\/wp-json\/wp\/v2\/posts\/12758\/revisions"}],"wp:featuredmedia":[{"embeddable":true,"href":"https:\/\/cafedigitaletc.com.br\/novo-site\/wp-json\/"}],"wp:attachment":[{"href":"https:\/\/cafedigitaletc.com.br\/novo-site\/wp-json\/wp\/v2\/media?parent=12758"}],"wp:term":[{"taxonomy":"category","embeddable":true,"href":"https:\/\/cafedigitaletc.com.br\/novo-site\/wp-json\/wp\/v2\/categories?post=12758"},{"taxonomy":"post_tag","embeddable":true,"href":"https:\/\/cafedigitaletc.com.br\/novo-site\/wp-json\/wp\/v2\/tags?post=12758"}],"curies":[{"name":"wp","href":"https:\/\/api.w.org\/{rel}","templated":true}]}}