{"id":12755,"date":"2022-02-08T10:28:31","date_gmt":"2022-02-08T10:28:31","guid":{"rendered":"https:\/\/cafedigitaletc.com.br\/?p=12755"},"modified":"2022-02-08T10:28:31","modified_gmt":"2022-02-08T10:28:31","slug":"colosso-fortaleza-recebera-o-primeiro-show-da-turne-da-banda-boyce-avenue-no-brasil","status":"publish","type":"post","link":"https:\/\/cafedigitaletc.com.br\/novo-site\/2022\/02\/08\/colosso-fortaleza-recebera-o-primeiro-show-da-turne-da-banda-boyce-avenue-no-brasil\/","title":{"rendered":"Colosso Fortaleza receber\u00e1 o primeiro show da turn\u00ea da banda Boyce Avenue no Brasil"},"content":{"rendered":"\n<p class=\"has-medium-font-size\"><em>Grupo norte-americano \u00e9 fen\u00f4meno das plataformas digitais com bilh\u00f5es de views<\/em><\/p>\n\n\n\n<p class=\"has-medium-font-size\">O Colosso Fortaleza, um dos principais complexos de entretenimento do Nordeste, realiza o primeiro show da banda Boyce Avenue no Brasil, no dia 17 de junho. Apresentando uma estrutura completa para proporcionar uma experi\u00eancia \u00fanica ao p\u00fablico, o show acontecer\u00e1 no espa\u00e7o &#8220;Colosso Garden&#8221;, que disp\u00f5e de um espa\u00e7o amplo e a c\u00e9u aberto.<\/p>\n\n\n\n<p class=\"has-medium-font-size\">A apresenta\u00e7\u00e3o, que \u00e9 promovida pela D&#8217;Music Produ\u00e7\u00f5es, ser\u00e1 a primeira da turn\u00ea da banda no Brasil, que passar\u00e1 por mais 7 capitais. A banda americana \u00e9 um dos maiores fen\u00f4menos do Youtube com mais de 15 milh\u00f5es de inscritos no Youtube, al\u00e9m de contabilizar mais de 5 bilh\u00f5es de views na plataforma, sendo um dos maiores grupos nas plataformas de streamings.<\/p>\n\n\n\n<p class=\"has-medium-font-size\">O evento seguir\u00e1 todas as normas em vig\u00eancia no decreto do Governo do Estado do Cear\u00e1, com entrada mediante a apresenta\u00e7\u00e3o do comprovante de vacina e o uso da m\u00e1scara. Os ingressos est\u00e3o dispon\u00edveis para compra online, atrav\u00e9s do site da Bilheteria Digital (<a href=\"https:\/\/www.bilheteriadigital.com\/boyce-avenue-17-de-junho\" target=\"_blank\" rel=\"noreferrer noopener\">https:\/\/www.bilheteriadigital.com\/boyce-avenue-17-de-junho<\/a>), com valores que variam entre R$ 150,00 e R$360,00.<\/p>\n","protected":false},"excerpt":{"rendered":"<p>Grupo norte-americano \u00e9 fen\u00f4meno das plataformas digitais com bilh\u00f5es de views O Colosso Fortaleza, um dos principais complexos de entretenimento do Nordeste, realiza o primeiro show da banda Boyce Avenue no Brasil, no dia 17 de junho. Apresentando uma estrutura completa para proporcionar uma experi\u00eancia \u00fanica ao p\u00fablico, o show acontecer\u00e1 no espa\u00e7o &#8220;Colosso Garden&#8221;, [&hellip;]<\/p>\n","protected":false},"author":1,"featured_media":12756,"comment_status":"closed","ping_status":"open","sticky":false,"template":"","format":"standard","meta":{"footnotes":""},"categories":[17],"tags":[],"class_list":["post-12755","post","type-post","status-publish","format-standard","hentry","category-cultura-entretenimento"],"_links":{"self":[{"href":"https:\/\/cafedigitaletc.com.br\/novo-site\/wp-json\/wp\/v2\/posts\/12755","targetHints":{"allow":["GET"]}}],"collection":[{"href":"https:\/\/cafedigitaletc.com.br\/novo-site\/wp-json\/wp\/v2\/posts"}],"about":[{"href":"https:\/\/cafedigitaletc.com.br\/novo-site\/wp-json\/wp\/v2\/types\/post"}],"author":[{"embeddable":true,"href":"https:\/\/cafedigitaletc.com.br\/novo-site\/wp-json\/wp\/v2\/users\/1"}],"replies":[{"embeddable":true,"href":"https:\/\/cafedigitaletc.com.br\/novo-site\/wp-json\/wp\/v2\/comments?post=12755"}],"version-history":[{"count":0,"href":"https:\/\/cafedigitaletc.com.br\/novo-site\/wp-json\/wp\/v2\/posts\/12755\/revisions"}],"wp:featuredmedia":[{"embeddable":true,"href":"https:\/\/cafedigitaletc.com.br\/novo-site\/wp-json\/"}],"wp:attachment":[{"href":"https:\/\/cafedigitaletc.com.br\/novo-site\/wp-json\/wp\/v2\/media?parent=12755"}],"wp:term":[{"taxonomy":"category","embeddable":true,"href":"https:\/\/cafedigitaletc.com.br\/novo-site\/wp-json\/wp\/v2\/categories?post=12755"},{"taxonomy":"post_tag","embeddable":true,"href":"https:\/\/cafedigitaletc.com.br\/novo-site\/wp-json\/wp\/v2\/tags?post=12755"}],"curies":[{"name":"wp","href":"https:\/\/api.w.org\/{rel}","templated":true}]}}