{"id":12580,"date":"2022-01-20T16:24:14","date_gmt":"2022-01-20T16:24:14","guid":{"rendered":"https:\/\/cafedigitaletc.com.br\/?p=12580"},"modified":"2022-01-20T16:24:14","modified_gmt":"2022-01-20T16:24:14","slug":"professora-cearense-rennata-feitosa-lanca-livro-sobre-teatro-comunitario-na-cidade-de-deus-rj","status":"publish","type":"post","link":"https:\/\/cafedigitaletc.com.br\/novo-site\/2022\/01\/20\/professora-cearense-rennata-feitosa-lanca-livro-sobre-teatro-comunitario-na-cidade-de-deus-rj\/","title":{"rendered":"Professora cearense Rennata Feitosa lan\u00e7a livro sobre Teatro Comunit\u00e1rio na Cidade de Deus (RJ)"},"content":{"rendered":"\n<p class=\"has-medium-font-size\">A partir de pesquisa de f\u00f4lego em uma das periferias mais conhecidas do Brasil, Rennata Feitosa, cearense radicada no Rio, retorna a sua cidade natal para lan\u00e7ar seu primeiro livro.\u00a0<\/p>\n\n\n\n<p class=\"has-medium-font-size\">&#8220;Como o campo de conhecimento das Artes C\u00eanicas, especialmente o Teatro Comunit\u00e1rio, pode construir um projeto pedag\u00f3gico que se torne refer\u00eancia cultural, democr\u00e1tica, participativa e dial\u00f3gica para toda a comunidade escolar?&#8221; Orientado por esta quest\u00e3o, o livro &#8220;No palco a Escola Dorcelina. A contribui\u00e7\u00e3o do teatro para a constru\u00e7\u00e3o de um espa\u00e7o de refer\u00eancia cultural na Cidade de Deus&#8221;, publicado pela Metanoia Editora, ser\u00e1 lan\u00e7ado no dia 21 de janeiro, das 16h \u00e0s 19h, na Livraria Lamarca, em Fortaleza (CE).\u00a0<\/p>\n\n\n\n<p class=\"has-medium-font-size\">A pesquisa que deu origem ao livro foi desenvolvida pela professora Rennata Feitosa na Escola P\u00fablica Municipal Dorcelina Gomes da Costa, que atende a comunidade Cidade de Deus, na periferia da cidade do Rio de Janeiro. O resultado rendeu sua tese de doutorado no \u00e2mbito do Programa de P\u00f3s-Gradua\u00e7\u00e3o em Teatro da Universidade do Estado de Santa Catarina (PPGT\/UDESC) e agora estar\u00e1 dispon\u00edvel como publica\u00e7\u00e3o a todos os interessados na interlocu\u00e7\u00e3o entre Teatro, Educa\u00e7\u00e3o e Sociedade.\u00a0<\/p>\n\n\n\n<p class=\"has-medium-font-size\">Esta pesquisa te\u00f3rico-pr\u00e1tica, produzida entre 2017 e 2019, reflete sobre uma experi\u00eancia pedag\u00f3gica, no contexto da educa\u00e7\u00e3o p\u00fablica, desenvolvida em uma perspectiva da a\u00e7\u00e3o cultural, pautada e inspirada na pr\u00e1tica e na reflex\u00e3o te\u00f3rica do e sobre o Teatro Comunit\u00e1rio. Ela dialoga com autores cl\u00e1ssicos e contempor\u00e2neos, refer\u00eancias na interlocu\u00e7\u00e3o entre educa\u00e7\u00e3o e teatro no Brasil, como Paulo Freire, Augusto Boal, M\u00e1rcia Pompeo Nogueira, Marina Henriques e Tim Prentik.\u00a0<\/p>\n\n\n\n<p class=\"has-medium-font-size\">O livro esbo\u00e7a o processo de transforma\u00e7\u00e3o da Escola Dorcelina Gomes da Costa em um espa\u00e7o de refer\u00eancia cultural pela e para a comunidade escolar e seu entorno. O processo, acompanhado pela pesquisadora, que, na \u00e9poca, era tamb\u00e9m professora na escola, constitui-se em uma pr\u00e1tica desafiadora, onde o conhecimento em Artes C\u00eanicas se tornou um dos principais fios condutores da constru\u00e7\u00e3o do Projeto Pedag\u00f3gico da institui\u00e7\u00e3o.\u00a0<\/p>\n\n\n\n<p class=\"has-medium-font-size\">Ainda que o processo da escola continue se desdobrando e que a tese trate de um recorte temporal do fen\u00f4meno estudado, os resultados finais do trabalho apontam para uma rela\u00e7\u00e3o bastante frut\u00edfera da contribui\u00e7\u00e3o que as Artes C\u00eanicas, em especial o Teatro Comunit\u00e1rio, podem oferecer \u00e0s institui\u00e7\u00f5es de ensino brasileiras nos processos de defini\u00e7\u00e3o e redefini\u00e7\u00e3o de v\u00e1rios aspectos de seus projetos pedag\u00f3gicos.\u00a0<\/p>\n\n\n\n<p class=\"has-medium-font-size\"><strong>Servi\u00e7o\u00a0<\/strong><\/p>\n\n\n\n<p class=\"has-medium-font-size\">Lan\u00e7amento de livro&#8221;No palco a Escola Dorcelina. A contribui\u00e7\u00e3o do teatro para a constru\u00e7\u00e3o de um espa\u00e7o de refer\u00eancia cultural na Cidade de Deus&#8221; (Metanoia Editora)<\/p>\n\n\n\n<p class=\"has-medium-font-size\">Data: 21 de janeiro, sexta-feira, das 16h \u00e0s 19hLocal: \u00a0Livraria Lamarca (Av. da Universidade, 2475, bairro Benfica, em Fortaleza\/CE)<\/p>\n\n\n\n<p class=\"has-medium-font-size\">Valor da publica\u00e7\u00e3o: R$ 45.<\/p>\n\n\n\n<p class=\"has-medium-font-size\">Para ingressar no local do lan\u00e7amento, ser\u00e1 exigido comprovante do ciclo vacinal completo, que pode ser retirado no site ou aplicativo ConectSUS.<\/p>\n","protected":false},"excerpt":{"rendered":"<p>A partir de pesquisa de f\u00f4lego em uma das periferias mais conhecidas do Brasil, Rennata Feitosa, cearense radicada no Rio, retorna a sua cidade natal para lan\u00e7ar seu primeiro livro.\u00a0 &#8220;Como o campo de conhecimento das Artes C\u00eanicas, especialmente o Teatro Comunit\u00e1rio, pode construir um projeto pedag\u00f3gico que se torne refer\u00eancia cultural, democr\u00e1tica, participativa e [&hellip;]<\/p>\n","protected":false},"author":1,"featured_media":12581,"comment_status":"closed","ping_status":"open","sticky":false,"template":"","format":"standard","meta":{"footnotes":""},"categories":[13],"tags":[],"class_list":["post-12580","post","type-post","status-publish","format-standard","hentry","category-variedades"],"_links":{"self":[{"href":"https:\/\/cafedigitaletc.com.br\/novo-site\/wp-json\/wp\/v2\/posts\/12580","targetHints":{"allow":["GET"]}}],"collection":[{"href":"https:\/\/cafedigitaletc.com.br\/novo-site\/wp-json\/wp\/v2\/posts"}],"about":[{"href":"https:\/\/cafedigitaletc.com.br\/novo-site\/wp-json\/wp\/v2\/types\/post"}],"author":[{"embeddable":true,"href":"https:\/\/cafedigitaletc.com.br\/novo-site\/wp-json\/wp\/v2\/users\/1"}],"replies":[{"embeddable":true,"href":"https:\/\/cafedigitaletc.com.br\/novo-site\/wp-json\/wp\/v2\/comments?post=12580"}],"version-history":[{"count":0,"href":"https:\/\/cafedigitaletc.com.br\/novo-site\/wp-json\/wp\/v2\/posts\/12580\/revisions"}],"wp:featuredmedia":[{"embeddable":true,"href":"https:\/\/cafedigitaletc.com.br\/novo-site\/wp-json\/"}],"wp:attachment":[{"href":"https:\/\/cafedigitaletc.com.br\/novo-site\/wp-json\/wp\/v2\/media?parent=12580"}],"wp:term":[{"taxonomy":"category","embeddable":true,"href":"https:\/\/cafedigitaletc.com.br\/novo-site\/wp-json\/wp\/v2\/categories?post=12580"},{"taxonomy":"post_tag","embeddable":true,"href":"https:\/\/cafedigitaletc.com.br\/novo-site\/wp-json\/wp\/v2\/tags?post=12580"}],"curies":[{"name":"wp","href":"https:\/\/api.w.org\/{rel}","templated":true}]}}