{"id":12572,"date":"2022-01-20T13:53:17","date_gmt":"2022-01-20T13:53:17","guid":{"rendered":"https:\/\/cafedigitaletc.com.br\/?p=12572"},"modified":"2022-01-20T13:53:17","modified_gmt":"2022-01-20T13:53:17","slug":"rebelde-e-renovada-para-2a-temporada-na-netflix","status":"publish","type":"post","link":"https:\/\/cafedigitaletc.com.br\/novo-site\/2022\/01\/20\/rebelde-e-renovada-para-2a-temporada-na-netflix\/","title":{"rendered":"Rebelde \u00e9 renovada para 2\u00aa temporada na Netflix"},"content":{"rendered":"\n<p class=\"has-drop-cap has-medium-font-size\">Ap\u00f3s duas semanas de estreia e com grande audi\u00eancia alcan\u00e7ando o top 10 da <strong>Netflix<\/strong>, o reboot de &#8216;Rebelde&#8217; j\u00e1 tem a 2\u00aa temporada confirmada no streaming. Ainda sem data de lan\u00e7amento, a novidade foi anunciada em evento digital no \u00faltimo dia <strong>9 de janeiro<\/strong>.<\/p>\n\n\n\n<p class=\"has-medium-font-size\">Nome mais que confirmado para os novos cap\u00edtulos \u00e9 o da atriz brasileira <strong>Giovanna Grigio<\/strong>, que vem movimentando a web com sua personagem Em\u00edlia na s\u00e9rie teen. A atriz tem recebido elogios pela atua\u00e7\u00e3o, principalmente por ter que gravar a s\u00e9rie em espanhol. <\/p>\n","protected":false},"excerpt":{"rendered":"<p>Ap\u00f3s duas semanas de estreia e com grande audi\u00eancia alcan\u00e7ando o top 10 da Netflix, o reboot de &#8216;Rebelde&#8217; j\u00e1 tem a 2\u00aa temporada confirmada no streaming. Ainda sem data de lan\u00e7amento, a novidade foi anunciada em evento digital no \u00faltimo dia 9 de janeiro. Nome mais que confirmado para os novos cap\u00edtulos \u00e9 o [&hellip;]<\/p>\n","protected":false},"author":1,"featured_media":12303,"comment_status":"closed","ping_status":"open","sticky":false,"template":"","format":"standard","meta":{"footnotes":""},"categories":[17],"tags":[],"class_list":["post-12572","post","type-post","status-publish","format-standard","hentry","category-cultura-entretenimento"],"_links":{"self":[{"href":"https:\/\/cafedigitaletc.com.br\/novo-site\/wp-json\/wp\/v2\/posts\/12572","targetHints":{"allow":["GET"]}}],"collection":[{"href":"https:\/\/cafedigitaletc.com.br\/novo-site\/wp-json\/wp\/v2\/posts"}],"about":[{"href":"https:\/\/cafedigitaletc.com.br\/novo-site\/wp-json\/wp\/v2\/types\/post"}],"author":[{"embeddable":true,"href":"https:\/\/cafedigitaletc.com.br\/novo-site\/wp-json\/wp\/v2\/users\/1"}],"replies":[{"embeddable":true,"href":"https:\/\/cafedigitaletc.com.br\/novo-site\/wp-json\/wp\/v2\/comments?post=12572"}],"version-history":[{"count":0,"href":"https:\/\/cafedigitaletc.com.br\/novo-site\/wp-json\/wp\/v2\/posts\/12572\/revisions"}],"wp:featuredmedia":[{"embeddable":true,"href":"https:\/\/cafedigitaletc.com.br\/novo-site\/wp-json\/"}],"wp:attachment":[{"href":"https:\/\/cafedigitaletc.com.br\/novo-site\/wp-json\/wp\/v2\/media?parent=12572"}],"wp:term":[{"taxonomy":"category","embeddable":true,"href":"https:\/\/cafedigitaletc.com.br\/novo-site\/wp-json\/wp\/v2\/categories?post=12572"},{"taxonomy":"post_tag","embeddable":true,"href":"https:\/\/cafedigitaletc.com.br\/novo-site\/wp-json\/wp\/v2\/tags?post=12572"}],"curies":[{"name":"wp","href":"https:\/\/api.w.org\/{rel}","templated":true}]}}