{"id":12549,"date":"2022-01-20T11:55:43","date_gmt":"2022-01-20T11:55:43","guid":{"rendered":"https:\/\/cafedigitaletc.com.br\/?p=12549"},"modified":"2022-01-20T11:55:43","modified_gmt":"2022-01-20T11:55:43","slug":"grupo-conexao-apresenta-o-executivo-denis-ferreira-como-ceo-da-companhia","status":"publish","type":"post","link":"https:\/\/cafedigitaletc.com.br\/novo-site\/2022\/01\/20\/grupo-conexao-apresenta-o-executivo-denis-ferreira-como-ceo-da-companhia\/","title":{"rendered":"Grupo Conex\u00e3o apresenta o executivo Denis Ferreira como CEO da companhia"},"content":{"rendered":"\n<p class=\"has-medium-font-size\">A Triple Play Brasil Participa\u00e7\u00f5es SA (Grupo Conex\u00e3o), companhia controlada pelo fundo de investimentos Grain Management, LLC (Grain), anunciou que Denis Marcel Ferreira foi nomeado como o novo CEO da Companhia. Ferreira assumir\u00e1 o cargo de CEO e membro do Conselho de Administra\u00e7\u00e3o, sucedendo Gilbert Minionis, a partir de 17 de janeiro de 2022.<\/p>\n\n\n\n<p class=\"has-medium-font-size\">Minionis, que integrou o Grupo Conex\u00e3o desde sua funda\u00e7\u00e3o em 2015, liderou a expans\u00e3o do Grupo a partir da opera\u00e7\u00e3o em Natal, Rio Grande do Norte, quando se tinha, \u00e0 \u00e9poca, aproximadamente 93.000 assinantes. Hoje, o Grupo Conex\u00e3o possui presen\u00e7a em mais de 100 munic\u00edpios e aproximadamente 460.000 assinantes em 30 de setembro de 2021.&nbsp; Ele foi fundamental na condu\u00e7\u00e3o da transforma\u00e7\u00e3o do Grupo Conex\u00e3o em uma operadora l\u00edder, com foco em banda larga FTTH no mercado, atrav\u00e9s de uma expans\u00e3o org\u00e2nica e 14 aquisi\u00e7\u00f5es estrat\u00e9gicas.<\/p>\n\n\n\n<p class=\"has-medium-font-size\">Ferreira tem mais de 20 anos de experi\u00eancia em alta lideran\u00e7a no setor de telecomunica\u00e7\u00f5es com foco em solu\u00e7\u00f5es de fibra \u00f3tica e banda larga. Antes de ingressar no Grupo Conex\u00e3o, foi Head de Residential Solutions da TIM (&#8220;TIM Live&#8221;), unidade de neg\u00f3cios que fornece servi\u00e7os de banda ultralarga fixa (FTTH e FTTC), banda larga residencial m\u00f3vel e telefonia. Na TIM Live, ele foi respons\u00e1vel pelas \u00e1reas de marketing, vendas, opera\u00e7\u00f5es, finan\u00e7as e planejamento, aumentando organicamente as receitas e base de clientes de modo substancial ao longo de seu mandato de quatro anos. Ferreira tamb\u00e9m ocupou cargos de lideran\u00e7a nos setores de telecomunica\u00e7\u00f5es e consultoria de gest\u00e3o, incluindo posi\u00e7\u00f5es na Vivo, GVT e Claro, onde manteve um forte hist\u00f3rico de acelera\u00e7\u00e3o do crescimento. Iniciou sua carreira como consultor de gest\u00e3o na Accenture, Gemini Consulting e Siemens Telecommunications. Ferreira possui MBA pela SDA Bocconi School of Management, Especializa\u00e7\u00e3o em Administra\u00e7\u00e3o de Empresas (CEAG) pela FGV\/Escola de Administra\u00e7\u00e3o de Empresas de S\u00e3o Paulo e bacharelado em Ci\u00eancias da Computa\u00e7\u00e3o pela Universidade de S\u00e3o Paulo, Campus de S\u00e3o Carlos.<\/p>\n\n\n\n<p class=\"has-medium-font-size\">&#8220;Desde o in\u00edcio do nosso investimento, foi um grande prazer contar com a parceria com Gilbert, cuja lideran\u00e7a e vis\u00e3o estrat\u00e9gica foram fundamentais para desenvolver o Grupo Conex\u00e3o no neg\u00f3cio excepcional que ele \u00e9 hoje. Agradecemos a Gilbert por suas muitas contribui\u00e7\u00f5es e orienta\u00e7\u00e3o durante essa transi\u00e7\u00e3o coordenada e por nos ajudar a preparar essa equipe para o sucesso futuro. Desejamos a ele o melhor nesse momento em que busca assumir novos empreendimentos familiares e profissionais&#8221;, disse Ricardo Rodriguez, Presidente do Conselho do Grupo Conex\u00e3o e Diretor da Grain. &#8220;O Denis \u00e9 um gestor talentoso com as habilidades e experi\u00eancia certas para aproveitar este momento do Grupo Conex\u00e3o e liderar o neg\u00f3cio em sua pr\u00f3xima fase de expans\u00e3o. Estamos confiantes de que Denis elevar\u00e1 ainda mais nossa forte equipe de lideran\u00e7a e ser\u00e1 um sucessor altamente capaz para o posto de Gilbert. A Grain espera trabalhar em parceria com Denis enquanto o Grupo Conex\u00e3o desenvolve suas iniciativas estrat\u00e9gicas na busca cont\u00ednua por excel\u00eancia no atendimento a seus clientes atuais e futuros.&#8221;<\/p>\n\n\n\n<p class=\"has-medium-font-size\">&#8220;Estou muito motivado e animado em me juntar \u00e0 equipe do Grupo Conex\u00e3o neste momento de grandes oportunidades&#8221;, disse Ferreira. &#8220;Acredito que o Grupo Conex\u00e3o esteja bem posicionado para aproveitar as muitas perspectivas de crescimento do mercado brasileiro de banda larga.&#8221;<\/p>\n","protected":false},"excerpt":{"rendered":"<p>A Triple Play Brasil Participa\u00e7\u00f5es SA (Grupo Conex\u00e3o), companhia controlada pelo fundo de investimentos Grain Management, LLC (Grain), anunciou que Denis Marcel Ferreira foi nomeado como o novo CEO da Companhia. Ferreira assumir\u00e1 o cargo de CEO e membro do Conselho de Administra\u00e7\u00e3o, sucedendo Gilbert Minionis, a partir de 17 de janeiro de 2022. Minionis, [&hellip;]<\/p>\n","protected":false},"author":1,"featured_media":12550,"comment_status":"closed","ping_status":"open","sticky":false,"template":"","format":"standard","meta":{"footnotes":""},"categories":[11],"tags":[],"class_list":["post-12549","post","type-post","status-publish","format-standard","hentry","category-economia"],"_links":{"self":[{"href":"https:\/\/cafedigitaletc.com.br\/novo-site\/wp-json\/wp\/v2\/posts\/12549","targetHints":{"allow":["GET"]}}],"collection":[{"href":"https:\/\/cafedigitaletc.com.br\/novo-site\/wp-json\/wp\/v2\/posts"}],"about":[{"href":"https:\/\/cafedigitaletc.com.br\/novo-site\/wp-json\/wp\/v2\/types\/post"}],"author":[{"embeddable":true,"href":"https:\/\/cafedigitaletc.com.br\/novo-site\/wp-json\/wp\/v2\/users\/1"}],"replies":[{"embeddable":true,"href":"https:\/\/cafedigitaletc.com.br\/novo-site\/wp-json\/wp\/v2\/comments?post=12549"}],"version-history":[{"count":0,"href":"https:\/\/cafedigitaletc.com.br\/novo-site\/wp-json\/wp\/v2\/posts\/12549\/revisions"}],"wp:featuredmedia":[{"embeddable":true,"href":"https:\/\/cafedigitaletc.com.br\/novo-site\/wp-json\/"}],"wp:attachment":[{"href":"https:\/\/cafedigitaletc.com.br\/novo-site\/wp-json\/wp\/v2\/media?parent=12549"}],"wp:term":[{"taxonomy":"category","embeddable":true,"href":"https:\/\/cafedigitaletc.com.br\/novo-site\/wp-json\/wp\/v2\/categories?post=12549"},{"taxonomy":"post_tag","embeddable":true,"href":"https:\/\/cafedigitaletc.com.br\/novo-site\/wp-json\/wp\/v2\/tags?post=12549"}],"curies":[{"name":"wp","href":"https:\/\/api.w.org\/{rel}","templated":true}]}}