{"id":12545,"date":"2022-01-20T11:50:10","date_gmt":"2022-01-20T11:50:10","guid":{"rendered":"https:\/\/cafedigitaletc.com.br\/?p=12545"},"modified":"2022-01-20T11:50:10","modified_gmt":"2022-01-20T11:50:10","slug":"emprego-empresas-cearenses-ofertam-mais-de-60-oportunidades-em-diversas-areas","status":"publish","type":"post","link":"https:\/\/cafedigitaletc.com.br\/novo-site\/2022\/01\/20\/emprego-empresas-cearenses-ofertam-mais-de-60-oportunidades-em-diversas-areas\/","title":{"rendered":"Emprego: empresas cearenses ofertam mais de 300 oportunidades em diversas \u00e1reas"},"content":{"rendered":"\n<p class=\"has-medium-font-size\">Para quem est\u00e1 em busca de uma oportunidade no mercado de trabalho, diversas empresas cearenses est\u00e3o com processo seletivo aberto para preencher mais de 300 vagas. <\/p>\n\n\n\n<p class=\"has-medium-font-size\"><em><strong>Confira a<\/strong><\/em><strong><em>s vagas dispon\u00edveis:<\/em><\/strong><\/p>\n\n\n\n<p class=\"has-medium-font-size\"><strong>UPAs<\/strong><\/p>\n\n\n\n<p class=\"has-medium-font-size\">O Instituto de Sa\u00fade e Gest\u00e3o Hospitalar (ISGH) est\u00e1 com vagas tempor\u00e1rias para as UPAs (Unidades de Pronto Atendimento) do Estado e do Munic\u00edpio geridas pelo instituto. Nas UPAs estaduais, h\u00e1 vagas para as unidades Autran Nunes, Canindezinho, Jos\u00e9 Walter, Messejana, Praia do Futuro e Conjunto Cear\u00e1. J\u00e1 nas municipais, s\u00e3o oferecidas vagas nas unidades Jangurussu, Cristo Redentor (Pirambu) e Itaperi. H\u00e1 vagas tempor\u00e1rias para profissionais de sa\u00fade e administrativos. Ao todo, s\u00e3o mais de 300 vagas oferecidas, com cadastro de reserva. No caso dos profissionais de sa\u00fade, \u00e9 necess\u00e1rio ter registro ativo.<\/p>\n\n\n\n<p class=\"has-medium-font-size\">Os interessados devem enviar curr\u00edculo para&nbsp;<a href=\"mailto:recrutamentoupas@isgh.org.br\">recrutamentoupas@isgh.org.br<\/a>&nbsp;com o t\u00edtulo da vaga no assunto at\u00e9 o dia 24 de janeiro de 2022. Ressalta-se que o envio de curr\u00edculos e t\u00edtulos n\u00e3o garante a contrata\u00e7\u00e3o do candidato, apenas manifesta seu interesse.<\/p>\n\n\n\n<p class=\"has-medium-font-size\"><em><strong>Confira a rela\u00e7\u00e3o completa de vagas nas UPAs estaduais:<\/strong><\/em><\/p>\n\n\n\n<p class=\"has-medium-font-size\">AUXILIAR ADMINISTRATIVO:&nbsp;28 + Cadastro Reserva&nbsp;<br>ASSISTENTE ADMINISTRATIVO:&nbsp;03&nbsp;+&nbsp;Cadastro Reserva&nbsp;<br>COPEIRO:&nbsp;24&nbsp;+&nbsp;Cadastro Reserva&nbsp;<br>TECN\u00d3LOGO EM CONSTRU\u00c7\u00c3O CIVIL:&nbsp;01&nbsp;+&nbsp;Cadastro Reserva&nbsp;(Registro Ativo)<br>AUXILIAR DE FARM\u00c1CIA:&nbsp;25&nbsp;+&nbsp;Cadastro Reserva&nbsp;<br>AUXILIAR DE LABORAT\u00d3RIO:&nbsp;24&nbsp;+&nbsp;Cadastro Reserva&nbsp;<br>T\u00c9CNICO EM ENFERMAGEM:&nbsp;88&nbsp;+&nbsp;Cadastro Reserva&nbsp;(Registro Ativo)<br>T\u00c9CNICO EM ENFERMAGEM &#8211; TRANSPORTE:&nbsp;08&nbsp;+&nbsp;Cadastro Reserva&nbsp;(Registro Ativo)<br>ASSISTENTE SOCIAL:&nbsp;24&nbsp;+&nbsp;Cadastro Reserva&nbsp;(Registro Ativo)<br>FARMAC\u00caUTICO:&nbsp;03&nbsp;+&nbsp;Cadastro Reserva&nbsp;(Registro Ativo)<br>ENFERMEIRO:&nbsp;120&nbsp;+&nbsp;Cadastro Reserva&nbsp;&nbsp;(Registro Ativo)<br>M\u00c9DICO CHEFE DE EQUIPE:&nbsp;70&nbsp;+&nbsp;Cadastro Reserva&nbsp;(Registro Ativo)<\/p>\n\n\n\n<p class=\"has-medium-font-size\"><em><strong>Confira a rela\u00e7\u00e3o completa de vagas nas UPAs municipais:<\/strong><\/em><\/p>\n\n\n\n<p class=\"has-medium-font-size\">AUXILIAR ADMINISTRATIVO:\u00a012\u00a0+\u00a0Cadastro Reserva\u00a0\u00a0<br>ASSISTENTE ADMINISTRATIVO:\u00a001\u00a0+\u00a0Cadastro Reserva\u00a0<br>COPEIRO:\u00a008\u00a0+\u00a0Cadastro Reserva\u00a0<br>AUXILIAR DE FARM\u00c1CIA :\u00a012\u00a0+\u00a0Cadastro Reserva\u00a0<br>AUXILIAR DE LABORAT\u00d3RIO:\u00a010\u00a0+\u00a0Cadastro Reserva\u00a0<br>T\u00c9CNICO EM ENFERMAGEM:\u00a072\u00a0+\u00a0Cadastro Reserva (Registro Ativo)<br>T\u00c9CNICO EM ENFERMAGEM &#8211; TRANSPORTE:\u00a008\u00a0+\u00a0Cadastro Reserva\u00a0\u00a0(Registro Ativo)<br>ASSISTENTE SOCIAL:\u00a009\u00a0+\u00a0Cadastro Reserva\u00a0\u00a0(Registro Ativo)<br>FARMAC\u00caUTICO:\u00a002\u00a0+\u00a0Cadastro Reserva\u00a0\u00a0(Registro Ativo)<br>ENFERMEIRO:\u00a054\u00a0+\u00a0Cadastro Reserva\u00a0(Registro Ativo)<br>M\u00c9DICO:\u00a021\u00a0+\u00a0Cadastro Reserva\u00a0(Registro Ativo)<br>M\u00c9DICO CHEFE DE EQUIPE:\u00a035\u00a0+\u00a0Cadastro Reserva\u00a0\u00a0(Registro Ativo)<br>T\u00c9CNICO EM FOLHA DE PAGAMENTO:\u00a001\u00a0+\u00a0Cadastro Reserva\u00a0<\/p>\n\n\n\n<p class=\"has-medium-font-size\"><strong><br>Grupo Viper <\/strong><\/p>\n\n\n\n<p class=\"has-medium-font-size\">O Grupo Viper, especializado em terceiriza\u00e7\u00e3o de m\u00e3o de obra, seguran\u00e7a armada e desarmada e gest\u00e3o condominial corporativa e residencial, est\u00e1 com sele\u00e7\u00e3o para o cargo de supervisor de limpeza. Os interessados dever\u00e3o enviar curr\u00edculo para o e-mail <a href=\"mailto:curriculo@grupoviper.com.br\">curriculo@grupoviper.com.br<\/a> at\u00e9 o dia 31 de janeiro, com o nome da fun\u00e7\u00e3o no assunto do e-mail. A fun\u00e7\u00e3o tem como objetivo a realiza\u00e7\u00e3o de limpeza profissional, coordena\u00e7\u00e3o de equipe e de demandas administrativas.<\/p>\n\n\n\n<p class=\"has-medium-font-size\"><strong>Mrh<\/strong><\/p>\n\n\n\n<p class=\"has-medium-font-size\">Uma das maiores empresas de gest\u00e3o de pessoas e servi\u00e7os do Nordeste, o Grupo Mrh seleciona candidatos para preencher 51 vagas tempor\u00e1rias nos munic\u00edpios do Eus\u00e9bio e Aquiraz, Regi\u00e3o Metropolitana de Fortaleza. As vagas s\u00e3o destinadas para empresa que atua no ramo farmac\u00eautico nos munic\u00edpios e buscam candidatos para contrata\u00e7\u00e3o imediata.&nbsp;Ao todo, s\u00e3o 51 vagas dispon\u00edveis, sendo 42 vagas para Auxiliar de Produ\u00e7\u00e3o (5543); 4 vagas para Analista de Controle da Qualidade Jr (6006); 2 vagas para Operador de Empilhadeira (6005); 2 vagas para Auxiliar de Servi\u00e7os Gerais (5689) e 1 vaga para Analista de CEP (6022).&nbsp;<\/p>\n\n\n\n<p class=\"has-medium-font-size\">Para se candidatar \u00e0s vagas, \u00e9 necess\u00e1rio fazer a inscri\u00e7\u00e3o no site do Grupo Mrh (<a href=\"https:\/\/mrh.tweezer.jobs\/\" target=\"_blank\" rel=\"noreferrer noopener\">https:\/\/mrh.tweezer.jobs<\/a>), preenchendo informa\u00e7\u00f5es como nome completo, endere\u00e7o e experi\u00eancias anteriores, e concluir a inscri\u00e7\u00e3o selecionando o c\u00f3digo da vaga desejada.&nbsp;<\/p>\n\n\n\n<p class=\"has-medium-font-size\"><strong>Unifametro<\/strong><\/p>\n\n\n\n<p class=\"has-medium-font-size\">O Centro Universit\u00e1rio Fametro (Unifametro) abre sele\u00e7\u00e3o para a contrata\u00e7\u00e3o de profissionais para atua\u00e7\u00e3o em Fortaleza e Cascavel. As vagas s\u00e3o nas \u00e1reas de Jovem Aprendiz, Analista de Marketing Digital, Assessor Pedag\u00f3gico, Assistente Administrativo IV \u2013 Setor de Compras e Auxiliar de Biblioteca (Campus Cascavel).<\/p>\n\n\n\n<p class=\"has-medium-font-size\">Os interessados em participar do processo seletivo devem enviar o curr\u00edculo para o e-mail: <a href=\"mailto:gentegestao@unifametro.edu.br\">gentegestao@unifametro.edu.br<\/a>, informando o nome da vaga. Al\u00e9m do vale-transporte, a Unifametro oferece vale-alimenta\u00e7\u00e3o, plano de sa\u00fade, plano odontol\u00f3gico e 50% de desconto em cursos de gradua\u00e7\u00e3o ou p\u00f3s-gradua\u00e7\u00e3o da Institui\u00e7\u00e3o.<\/p>\n\n\n\n<p class=\"has-medium-font-size\">Mais informa\u00e7\u00f5es podem ser obtidas atrav\u00e9s do e-mail: <a href=\"mailto:gentegestao@unifametro.edu.br\">gentegestao@unifametro.edu.br<\/a><\/p>\n\n\n\n<p class=\"has-medium-font-size\"><strong>Startup Tallos<\/strong><\/p>\n\n\n\n<p class=\"has-medium-font-size\">A&nbsp;<strong>Tallos<\/strong>, startup cearense de tecnologia, est\u00e1 com vagas de emprego em aberto para profissionais de TI. S\u00e3o tr\u00eas postos de trabalho dispon\u00edveis para:&nbsp;<strong>Customer Experience Trainee, Desenvolvedor Full Stack J\u00fanior e Desenvolvedor Full Stack Pleno.<\/strong>&nbsp;<\/p>\n\n\n\n<p class=\"has-medium-font-size\">Os interessados podem se candidatar pelo endere\u00e7o&nbsp;<a href=\"https:\/\/lnkd.in\/da9bvC3M\" target=\"_blank\" rel=\"noreferrer noopener\">https:\/\/lnkd.in\/da9bvC3M<\/a>&nbsp;ou enviar o curr\u00edculo para&nbsp;<a href=\"mailto:recrutamento@tallos.com.br\">recrutamento@tallos.com.br<\/a>&nbsp;at\u00e9 o dia 1\u00ba de fevereiro. Para saber mais sobre a empresa acesse o site&nbsp;<a href=\"http:\/\/www.tallos.com.br\/\" target=\"_blank\" rel=\"noreferrer noopener\">www.tallos.com.br<\/a>.&nbsp;&nbsp;<\/p>\n","protected":false},"excerpt":{"rendered":"<p>Para quem est\u00e1 em busca de uma oportunidade no mercado de trabalho, diversas empresas cearenses est\u00e3o com processo seletivo aberto para preencher mais de 300 vagas. Confira as vagas dispon\u00edveis: UPAs O Instituto de Sa\u00fade e Gest\u00e3o Hospitalar (ISGH) est\u00e1 com vagas tempor\u00e1rias para as UPAs (Unidades de Pronto Atendimento) do Estado e do Munic\u00edpio [&hellip;]<\/p>\n","protected":false},"author":1,"featured_media":12546,"comment_status":"closed","ping_status":"open","sticky":false,"template":"","format":"standard","meta":{"footnotes":""},"categories":[10,11],"tags":[],"class_list":["post-12545","post","type-post","status-publish","format-standard","hentry","category-destaque","category-economia"],"_links":{"self":[{"href":"https:\/\/cafedigitaletc.com.br\/novo-site\/wp-json\/wp\/v2\/posts\/12545","targetHints":{"allow":["GET"]}}],"collection":[{"href":"https:\/\/cafedigitaletc.com.br\/novo-site\/wp-json\/wp\/v2\/posts"}],"about":[{"href":"https:\/\/cafedigitaletc.com.br\/novo-site\/wp-json\/wp\/v2\/types\/post"}],"author":[{"embeddable":true,"href":"https:\/\/cafedigitaletc.com.br\/novo-site\/wp-json\/wp\/v2\/users\/1"}],"replies":[{"embeddable":true,"href":"https:\/\/cafedigitaletc.com.br\/novo-site\/wp-json\/wp\/v2\/comments?post=12545"}],"version-history":[{"count":0,"href":"https:\/\/cafedigitaletc.com.br\/novo-site\/wp-json\/wp\/v2\/posts\/12545\/revisions"}],"wp:featuredmedia":[{"embeddable":true,"href":"https:\/\/cafedigitaletc.com.br\/novo-site\/wp-json\/"}],"wp:attachment":[{"href":"https:\/\/cafedigitaletc.com.br\/novo-site\/wp-json\/wp\/v2\/media?parent=12545"}],"wp:term":[{"taxonomy":"category","embeddable":true,"href":"https:\/\/cafedigitaletc.com.br\/novo-site\/wp-json\/wp\/v2\/categories?post=12545"},{"taxonomy":"post_tag","embeddable":true,"href":"https:\/\/cafedigitaletc.com.br\/novo-site\/wp-json\/wp\/v2\/tags?post=12545"}],"curies":[{"name":"wp","href":"https:\/\/api.w.org\/{rel}","templated":true}]}}