{"id":12485,"date":"2022-01-17T21:25:54","date_gmt":"2022-01-17T21:25:54","guid":{"rendered":"https:\/\/cafedigitaletc.com.br\/?p=12485"},"modified":"2022-01-17T21:25:54","modified_gmt":"2022-01-17T21:25:54","slug":"documentario-costume-saudavel-os-pilares-para-uma-vida-em-equilibrio-sera-lancado-ao-publico-dia-29","status":"publish","type":"post","link":"https:\/\/cafedigitaletc.com.br\/novo-site\/2022\/01\/17\/documentario-costume-saudavel-os-pilares-para-uma-vida-em-equilibrio-sera-lancado-ao-publico-dia-29\/","title":{"rendered":"Document\u00e1rio &#8220;Costume Saud\u00e1vel: os pilares para uma vida em equil\u00edbrio&#8221; ser\u00e1 lan\u00e7ado ao p\u00fablico dia 29"},"content":{"rendered":"\n<p class=\"has-medium-font-size\">O maior evento de h\u00e1bitos saud\u00e1veis do Norte\/Nordeste vai ampliar ainda mais as fronteiras neste ano. O Festival Costume Saud\u00e1vel, que j\u00e1 soma sete edi\u00e7\u00f5es presenciais e uma virtual, agora migra para as telas, em formato de document\u00e1rio: &#8220;Costume Saud\u00e1vel: os pilares para uma vida em equil\u00edbrio&#8221;. A estreia para convidados ser\u00e1 dia 28 de janeiro, no Cinema do RioMar Fortaleza, e no dia seguinte, todo o p\u00fablico poder\u00e1 conferir no canal do Mercadinhos S\u00e3o Luiz no YouTube. Trailer no link: <a href=\"https:\/\/www.youtube.com\/watch?v=o1HjIk4OFMs\" target=\"_blank\" rel=\"noreferrer noopener\">https:\/\/www.youtube.com\/watch?v=o1HjIk4OFMs<\/a>.&nbsp;<\/p>\n\n\n\n<p class=\"has-medium-font-size\">O document\u00e1rio, de 40 minutos, mostra os benef\u00edcios e a necessidade de adotar uma vis\u00e3o mais hol\u00edstica sobre o ser humano, trazendo os pilares: mente, corpo, alimenta\u00e7\u00e3o, sustentabilidade e comunidade, contados a partir de experi\u00eancias de 13 convidados, profissionais de diversas \u00e1reas, que compartilham informa\u00e7\u00f5es t\u00e9cnicas, cient\u00edficas, e tamb\u00e9m viv\u00eancias que contribu\u00edram para uma mudan\u00e7a de mente e comportamento, em prol de uma vida mais equilibrada.&nbsp;<\/p>\n\n\n\n<p class=\"has-medium-font-size\">Segundo Joana Ramalho, diretora de Estrat\u00e9gia e Inova\u00e7\u00e3o do S\u00e3o Luiz e idealizadora do festival, o document\u00e1rio ir\u00e1 impactar a vida de muita gente. &#8220;Desde que o Festival Costume Saud\u00e1vel nasceu, n\u00f3s percebemos que nossa miss\u00e3o \u00e9 tamb\u00e9m contribuir com o fortalecimento desta vis\u00e3o mais equilibrada e saud\u00e1vel, que n\u00e3o cabe numa caixinha, mas \u00e9 diversa e precisa ser compartilhada. Por isso, neste momento em que grandes eventos ainda n\u00e3o s\u00e3o uma op\u00e7\u00e3o, migramos para as telas, felizes por poder alcan\u00e7ar ainda mais pessoas&#8221;, diz.&nbsp;<\/p>\n\n\n\n<p class=\"has-medium-font-size\">Idealizado pelo Mercadinhos S\u00e3o Luiz, o document\u00e1rio conta com roteiro da Impulsione Comunica\u00e7\u00e3o e Joana Ramalho; dire\u00e7\u00e3o, fotografia e trilha sonora assinadas pela Super A Filmes; legenda da Blue Films; e produ\u00e7\u00e3o conjunta da Super A, Celebre Eventos e Impulsione Comunica\u00e7\u00e3o.&nbsp;<\/p>\n\n\n\n<p class=\"has-medium-font-size\">Confira os convidados que participaram do document\u00e1rio: a nutricionista Alessandra Luglio, que soma mais de 180 mil seguidores no Instagram (@aleluglio), que acompanham suas dicas para ter uma alimenta\u00e7\u00e3o sem ingredientes de origem animal; a empreendedora Ticiana Rolim, engajada em neg\u00f3cios de impacto social; Priscila Veras, CEO da Muda Meu Mundo; o nutricionista Valden Capistrano; a jornalista Clara Dourado; o nutricionista Petrus Titelado; Ju Ferraz, que compartilha dicas de confeitaria e gastronomia no canal do YouTube &#8220;TPM por Ju Ferraz&#8221;; o influenciador digital Valmir Lins, os m\u00e9dicos Maryna Landim e Dayan Siebra; Bia Fiuza, co-fundadora e diretora do &#8220;Instituto Beatriz e Lauro Fiuza&#8221;; o psicoterapeuta Tom Trajano; e Joana Ramalho.<\/p>\n\n\n\n<p class=\"has-medium-font-size\"><br>Junto com o Mercadinhos S\u00e3o Luiz, assinam a realiza\u00e7\u00e3o do document\u00e1rio as seguintes marcas: Avine, Minalba, Nestl\u00e9 Iogurteria, Nestl\u00e9 Molico, 3 Cora\u00e7\u00f5es, Comercial Roma (Vit\u00e3o, Magro e Flormel), Trebeschi. S\u00e3o apoiadores da produ\u00e7\u00e3o: Ultra Coffee, Coca-Cola, D&#8217;Origem (Natural One), S\u00edtio Barreiras, Pole-Granja Regina, Verde Campo, Monte Veneto, Netumar, Bomar, Doce Mel, Bauducco, BR Spices, Tijuca, Danone, Sadia Veg&amp;Tal, Ambev.<\/p>\n","protected":false},"excerpt":{"rendered":"<p>O maior evento de h\u00e1bitos saud\u00e1veis do Norte\/Nordeste vai ampliar ainda mais as fronteiras neste ano. O Festival Costume Saud\u00e1vel, que j\u00e1 soma sete edi\u00e7\u00f5es presenciais e uma virtual, agora migra para as telas, em formato de document\u00e1rio: &#8220;Costume Saud\u00e1vel: os pilares para uma vida em equil\u00edbrio&#8221;. A estreia para convidados ser\u00e1 dia 28 de [&hellip;]<\/p>\n","protected":false},"author":1,"featured_media":12486,"comment_status":"closed","ping_status":"open","sticky":false,"template":"","format":"standard","meta":{"footnotes":""},"categories":[10],"tags":[],"class_list":["post-12485","post","type-post","status-publish","format-standard","hentry","category-destaque"],"_links":{"self":[{"href":"https:\/\/cafedigitaletc.com.br\/novo-site\/wp-json\/wp\/v2\/posts\/12485","targetHints":{"allow":["GET"]}}],"collection":[{"href":"https:\/\/cafedigitaletc.com.br\/novo-site\/wp-json\/wp\/v2\/posts"}],"about":[{"href":"https:\/\/cafedigitaletc.com.br\/novo-site\/wp-json\/wp\/v2\/types\/post"}],"author":[{"embeddable":true,"href":"https:\/\/cafedigitaletc.com.br\/novo-site\/wp-json\/wp\/v2\/users\/1"}],"replies":[{"embeddable":true,"href":"https:\/\/cafedigitaletc.com.br\/novo-site\/wp-json\/wp\/v2\/comments?post=12485"}],"version-history":[{"count":0,"href":"https:\/\/cafedigitaletc.com.br\/novo-site\/wp-json\/wp\/v2\/posts\/12485\/revisions"}],"wp:featuredmedia":[{"embeddable":true,"href":"https:\/\/cafedigitaletc.com.br\/novo-site\/wp-json\/"}],"wp:attachment":[{"href":"https:\/\/cafedigitaletc.com.br\/novo-site\/wp-json\/wp\/v2\/media?parent=12485"}],"wp:term":[{"taxonomy":"category","embeddable":true,"href":"https:\/\/cafedigitaletc.com.br\/novo-site\/wp-json\/wp\/v2\/categories?post=12485"},{"taxonomy":"post_tag","embeddable":true,"href":"https:\/\/cafedigitaletc.com.br\/novo-site\/wp-json\/wp\/v2\/tags?post=12485"}],"curies":[{"name":"wp","href":"https:\/\/api.w.org\/{rel}","templated":true}]}}