{"id":12345,"date":"2022-01-09T12:32:21","date_gmt":"2022-01-09T12:32:21","guid":{"rendered":"https:\/\/cafedigitaletc.com.br\/?p=12345"},"modified":"2022-01-09T12:32:21","modified_gmt":"2022-01-09T12:32:21","slug":"equipe-do-beach-park-resgata-tartaruga-verde-encalhada-na-praia-do-porto-das-dunas","status":"publish","type":"post","link":"https:\/\/cafedigitaletc.com.br\/novo-site\/2022\/01\/09\/equipe-do-beach-park-resgata-tartaruga-verde-encalhada-na-praia-do-porto-das-dunas\/","title":{"rendered":"Equipe do Beach Park resgata tartaruga-verde encalhada na praia do Porto das Dunas"},"content":{"rendered":"\n<p class=\"has-medium-font-size\">Na tarde desta sexta-feira (7\/1), uma equipe do Beach Park foi acionada pelo Instituto Verdeluz e ONG Aquasis para resgatar uma tartaruga-verde na praia do Porto das Dunas, a cerca de 3km do parque aqu\u00e1tico. O animal \u00a0estava encalhado e foi avistado por um grupo da Associa\u00e7\u00e3o Ecol\u00f3gica dos Bugueiros (AEBA), de Aquiraz, que ajudou a equipe a trazer o animal at\u00e9 a base da gest\u00e3o ambiental do Beach Park.<\/p>\n\n\n\n<p class=\"has-medium-font-size\">Todos os hot\u00e9is do Beach Park contam com equipe treinada para o manejo da fauna marinha, incluindo tartarugas e mam\u00edferos &#8211; e o complexo \u00e9 sempre acionado pelas ONGs quando encalhes assim acontecem nas imedia\u00e7\u00f5es do Porto das Dunas, de acordo com a gerente de Sustentabilidade do Beach Park, Raissa Bisol.<\/p>\n\n\n\n<p class=\"has-medium-font-size\">&#8220;Estamos mantendo o animal hidratado at\u00e9 a chegada da equipe do Instituto Verdeluz, composta pela ocean\u00f3grafa&nbsp;D\u00e9bora Melo e o graduando em Veterin\u00e1ria Rodrigo Castro, que&nbsp;vieram para o primeiro atendimento, a fim de avaliar e estabilizar o animal at\u00e9 a chegada dos&nbsp;veterin\u00e1rios da ONG Cet\u00e1ceos da Costa Branca, do Rio Grande do Norte, que deve acontecer at\u00e9 o dia&nbsp;8 de janeiro. A carapu\u00e7a da tartaruga resgatada tem 77 cm de comprimento e 70 cm de largura da carapa\u00e7a e o Instituto avalia o animal est\u00e1 em fase juvenil&nbsp;e em boas condi\u00e7\u00f5es de sa\u00fade para ser transportado at\u00e9 o outro estado&#8221;, diz Raissa.<\/p>\n\n\n\n<p class=\"has-medium-font-size\">A tartaruga-verde ou tartaruga-aruan\u00e3 (Chelonia mydas) \u00e9 uma esp\u00e9cie amea\u00e7ada de extin\u00e7\u00e3o, de acordo com a Uni\u00e3o Internacional para a Conserva\u00e7\u00e3o da Natureza (UICN) e \u00e9 comum ser encontradas nas zonas de \u00e1guas tropicais dos oceanos Atl\u00e2ntico e Pac\u00edfico. Seu nome se deve \u00e0 colora\u00e7\u00e3o esverdeada da sua gordura corporal e seu corpo pode alcan\u00e7ar at\u00e9 143 cm de comprimento e 230kg.<\/p>\n","protected":false},"excerpt":{"rendered":"<p>Na tarde desta sexta-feira (7\/1), uma equipe do Beach Park foi acionada pelo Instituto Verdeluz e ONG Aquasis para resgatar uma tartaruga-verde na praia do Porto das Dunas, a cerca de 3km do parque aqu\u00e1tico. O animal \u00a0estava encalhado e foi avistado por um grupo da Associa\u00e7\u00e3o Ecol\u00f3gica dos Bugueiros (AEBA), de Aquiraz, que ajudou [&hellip;]<\/p>\n","protected":false},"author":1,"featured_media":12346,"comment_status":"closed","ping_status":"open","sticky":false,"template":"","format":"standard","meta":{"footnotes":""},"categories":[13],"tags":[],"class_list":["post-12345","post","type-post","status-publish","format-standard","hentry","category-variedades"],"_links":{"self":[{"href":"https:\/\/cafedigitaletc.com.br\/novo-site\/wp-json\/wp\/v2\/posts\/12345","targetHints":{"allow":["GET"]}}],"collection":[{"href":"https:\/\/cafedigitaletc.com.br\/novo-site\/wp-json\/wp\/v2\/posts"}],"about":[{"href":"https:\/\/cafedigitaletc.com.br\/novo-site\/wp-json\/wp\/v2\/types\/post"}],"author":[{"embeddable":true,"href":"https:\/\/cafedigitaletc.com.br\/novo-site\/wp-json\/wp\/v2\/users\/1"}],"replies":[{"embeddable":true,"href":"https:\/\/cafedigitaletc.com.br\/novo-site\/wp-json\/wp\/v2\/comments?post=12345"}],"version-history":[{"count":0,"href":"https:\/\/cafedigitaletc.com.br\/novo-site\/wp-json\/wp\/v2\/posts\/12345\/revisions"}],"wp:featuredmedia":[{"embeddable":true,"href":"https:\/\/cafedigitaletc.com.br\/novo-site\/wp-json\/"}],"wp:attachment":[{"href":"https:\/\/cafedigitaletc.com.br\/novo-site\/wp-json\/wp\/v2\/media?parent=12345"}],"wp:term":[{"taxonomy":"category","embeddable":true,"href":"https:\/\/cafedigitaletc.com.br\/novo-site\/wp-json\/wp\/v2\/categories?post=12345"},{"taxonomy":"post_tag","embeddable":true,"href":"https:\/\/cafedigitaletc.com.br\/novo-site\/wp-json\/wp\/v2\/tags?post=12345"}],"curies":[{"name":"wp","href":"https:\/\/api.w.org\/{rel}","templated":true}]}}